{"id":171040,"date":"2018-03-19T13:03:16","date_gmt":"2018-03-19T13:03:16","guid":{"rendered":"http:\/\/diariodominicano.ddns.net\/?p=171040"},"modified":"2018-03-19T13:03:16","modified_gmt":"2018-03-19T13:03:16","slug":"senador-mariotti-advierte-a-funcionarios-que-si-aspiran-a-la-candidatura-deben-renunciar-a-posicion-del-gobierno","status":"publish","type":"post","link":"https:\/\/diariodominicano.com\/?p=171040","title":{"rendered":"Senador Mariotti advierte a funcionarios que si aspiran a la candidatura deben renunciar a posici\u00f3n del gobierno"},"content":{"rendered":"<p><body><\/p>\n<p><img decoding=\"async\" src=\"img3\/funci1.jpg\" \/>  <\/p>\n<p>El dirigente pelede\u00edsta que quiera construir un proyecto presidencial serio y que la gente lo tome en cuenta, lo primero que tiene que hacer es renunciar como funcionario del gobierno.<\/p>\n<\/p>\n<p>La sugerencia fue hecha por  el senador Charlie Mariotti, miembro del Comit\u00e9 Central  del Partido de la Liberaci\u00f3n Dominicana, al ser abordado sobre una supuesta reuni\u00f3n del presidente de la Rep\u00fablica Danilo Medina con dirigentes de esa organizaci\u00f3n, que han manifestado intereses de asumir la candidatura presidencial del PLD.<\/p>\n<\/p>\n<p>\u00abSi la reuni\u00f3n se dio para los fines que muchos comunicadores dicen, es decir para evaluar la posibilidad de que saliesen al ruedo pol\u00edtico o para pedirles apoyo en un  proceso interno del PLD, es un tema que debe ser abordado con mucho cuidado\u00bb, dijo Mariotti al ser entrevistado en el programa Hoy Mismo y rese\u00f1ado por Comunicaciones  del PLD.<\/p>\n<\/p>\n<p>El senador pelede\u00edsta por la provincia Monte Plata expres\u00f3 que existen cinco ministros que han manifestado p\u00fablicamente sus aspiraciones presidenciales, lo que a su juicio afecta la institucionalidad democr\u00e1tica del pa\u00eds, as\u00ed como la imagen del gobierno.<\/p>\n<\/p>\n<p>\u00abEntiendo que eso no es bueno para la institucionalidad y no es bueno para la imagen del gobierno y toda esa fortaleza en t\u00e9rminos de transparencia y la buena gesti\u00f3n que el presidente Danilo Medina promueve\u00bb, apunt\u00f3 Mariotti.<\/p>\n<\/p>\n<p>Reiter\u00f3 que el dirigente pelede\u00edsta con aspiraciones presidenciales  para el proceso del  2020 lo primero que debe hacer es renunciar de sus funciones como ministro. \u00abQue hagan lo que hizo el presidente Danilo Medina en julio del 2006 que renunci\u00f3 de la secretar\u00eda de la  presidencia\u00bb.<\/p>\n<\/p>\n<p>Manifest\u00f3 que lo prudente es ayudar al presidente Danilo Medina a continuar haciendo una buena gesti\u00f3n de gobierno porque esta es la mejor promoci\u00f3n para la campa\u00f1a del Partido de la Liberaci\u00f3n Dominicana en las elecciones del 2020.<\/p>\n<h6> 2018-03-19 13:03:16 <\/h6>\n<p><!--\n<link rel=\"stylesheet\" href=\"css\/bootstrap.min.css\">\n\n\n<ul class=\"pagination\">\n\t    \n\t\n\n<li >\n\t<a href='?page_no=6385'>Previous<\/a>\n\t<\/li>\n\n\n       \n    \n\n<li><a href='?page_no=1'>1<\/a><\/li>\n\n\n\n<li><a href='?page_no=2'>2<\/a><\/li>\n\n\n\n<li><a>...<\/a><\/li>\n\n\n\n<li><a href='?page_no=6384'>6384<\/a><\/li>\n\n\n\n<li><a href='?page_no=6385'>6385<\/a><\/li>\n\n\n\n<li class='active'><a>6386<\/a><\/li>\n\n\n\n<li><a href='?page_no=6387'>6387<\/a><\/li>\n\n\n\n<li><a href='?page_no=6388'>6388<\/a><\/li>\n\n\n\n<li><a>...<\/a><\/li>\n\n\n\n<li><a href='?page_no=36999'>36999<\/a><\/li>\n\n\n\n<li><a href='?page_no=37000'>37000<\/a><\/li>\n\n    \n\t\n\n<li >\n\t<a href='?page_no=6387'>Next<\/a>\n\t<\/li>\n\n\n    \n\n<li><a href='?page_no=37000'>Last &rsaquo;&rsaquo;<\/a><\/li>\n\n<\/ul>\n\n\n--><br \/>\n<\/body><\/p>\n","protected":false},"excerpt":{"rendered":"<p>El dirigente pelede\u00edsta que quiera construir un proyecto presidencial serio y que la gente lo tome en cuenta, lo primero que tiene que hacer es renunciar como funcionario del gobierno. La sugerencia fue hecha por el senador Charlie Mariotti, miembro del Comit\u00e9 Central del Partido de la Liberaci\u00f3n Dominicana, al ser abordado sobre una supuesta [&hellip;]<\/p>\n","protected":false},"author":3,"featured_media":0,"comment_status":"open","ping_status":"open","sticky":false,"template":"","format":"standard","meta":{"footnotes":""},"categories":[22],"tags":[],"class_list":["post-171040","post","type-post","status-publish","format-standard","hentry","category-politica"],"_links":{"self":[{"href":"https:\/\/diariodominicano.com\/index.php?rest_route=\/wp\/v2\/posts\/171040","targetHints":{"allow":["GET"]}}],"collection":[{"href":"https:\/\/diariodominicano.com\/index.php?rest_route=\/wp\/v2\/posts"}],"about":[{"href":"https:\/\/diariodominicano.com\/index.php?rest_route=\/wp\/v2\/types\/post"}],"author":[{"embeddable":true,"href":"https:\/\/diariodominicano.com\/index.php?rest_route=\/wp\/v2\/users\/3"}],"replies":[{"embeddable":true,"href":"https:\/\/diariodominicano.com\/index.php?rest_route=%2Fwp%2Fv2%2Fcomments&post=171040"}],"version-history":[{"count":0,"href":"https:\/\/diariodominicano.com\/index.php?rest_route=\/wp\/v2\/posts\/171040\/revisions"}],"wp:attachment":[{"href":"https:\/\/diariodominicano.com\/index.php?rest_route=%2Fwp%2Fv2%2Fmedia&parent=171040"}],"wp:term":[{"taxonomy":"category","embeddable":true,"href":"https:\/\/diariodominicano.com\/index.php?rest_route=%2Fwp%2Fv2%2Fcategories&post=171040"},{"taxonomy":"post_tag","embeddable":true,"href":"https:\/\/diariodominicano.com\/index.php?rest_route=%2Fwp%2Fv2%2Ftags&post=171040"}],"curies":[{"name":"wp","href":"https:\/\/api.w.org\/{rel}","templated":true}]}}