{"id":171039,"date":"2018-03-19T13:15:42","date_gmt":"2018-03-19T13:15:42","guid":{"rendered":"http:\/\/diariodominicano.ddns.net\/?p=171039"},"modified":"2018-03-19T13:15:42","modified_gmt":"2018-03-19T13:15:42","slug":"adn-inaugura-centro-de-servicios-al-ciudadano","status":"publish","type":"post","link":"https:\/\/diariodominicano.com\/?p=171039","title":{"rendered":"ADN inaugura Centro de Servicios al Ciudadano"},"content":{"rendered":"<p><body><\/p>\n<p><img decoding=\"async\" src=\"img3\/colla3.jpg\" \/><br \/><img decoding=\"async\" src=\"img3\/colla2.jpg\" \/><br \/><img decoding=\"async\" src=\"img3\/colla4.jpg\" \/>  <\/p>\n<p>La nueva estafeta de servicios del ADN funcionar\u00e1 en la avenida Gustavo Mej\u00eda Ricart casi esquina Lope de Vega<\/p>\n<\/p>\n<p>La alcald\u00eda del Distrito Nacional dej\u00f3 en funcionamiento un Centro de Servicios al Ciudadano, donde los usuarios podr\u00e1n realizar sus denuncias, pagar arbitrios, facturas y otras gestiones con rapidez y c\u00f3modas condiciones<\/p>\n<\/p>\n<p>El alcalde David Collado encabez\u00f3 el acto de apertura de la nueva estafeta de servicios del ADN, que funcionar\u00e1 en la avenida Gustavo Mej\u00eda Ricart, casi esquina Lope de Vega.<\/p>\n<\/p>\n<p>El funcionario explic\u00f3 que se trata de una iniciativa del Banco Mundial y una fundaci\u00f3n de Inglaterra, que donaron los sistemas para eficientizar todos estos servicios a trav\u00e9s del uso de la tecnolog\u00eda, en lo que el sector privado hizo su aporte con la dondaci\u00f3n de los monitores.<\/p>\n<\/p>\n<p>Durante un recorrido que hizo el alcalde Collado por las instalaciones del nuevo centro de atenci\u00f3n a los usuarios, dijo que este acoger\u00e1 c\u00f3modamente los servicios que se ofrec\u00edan en p\u00e9simas condiciones en las estafetas ubicadas en el Conde, y en las avenidas 27 de Febrero y en la N\u00fa\u00f1ez de C\u00e1ceres.<\/p>\n<\/p>\n<p>Ampli\u00f3 que esas tres oficinas s\u00f3lo cobraban el servicio de recogida de basura y el 51% de sus ingresos se destinaban a sus gastos operativos.<\/p>\n<\/p>\n<p>El primer ejecutivo de la Capital agreg\u00f3 que el cabildo ha cobrado RD$8 millones de pesos m\u00e1s que la compa\u00f1\u00eda que ofrec\u00eda los servicios de cobro, yo con los RD$17 millones promedio que se gastaban en la otra gesti\u00f3n el ahorro que tiene en su totalidad la ciudad es de RD$25 millones.<\/p>\n<\/p>\n<p>Destac\u00f3 que a partir de la apertura de este centro de servicios, los usuarios tendr\u00e1n un nuevo espacio para realizar sus gestiones municipales en otras condiciones, y con la velocidad que demandan los estos tiempos.<\/p>\n<\/p>\n<p>\u00abPodr\u00e1n canalizar sus reclamos, pagar sus servicios y arbitrios, tr\u00e1mites de registro civil y planeamiento urbano, consultas y reclamaciones a trav\u00e9s de una moderna oficina\u00bb, puntualiz\u00f3 Collado.<\/p>\n<\/p>\n<p>\u00abEsta iniciativa va a acercar a\u00fan m\u00e1s al cabildo con la ciudadan\u00eda, tenemos ese compromiso, hay que ense\u00f1ar a la gente que el ayuntamiento no es solo basura y desorden\u00bb, se\u00f1al\u00f3 Collado.<\/p>\n<\/p>\n<p>La nueva sucursal tendr\u00e1 un horario extendido de lunes a viernes desde las 8:00 am a las 8:00 pm y los s\u00e1bados desde las 8:00 am hasta las 2:00 PM Donde adem\u00e1s funcionar\u00e1 un centro de operaciones para asistencia al ciudadano con m\u00e1s de 20 personas asignadas para monitorear priorizar y gestionar las alertas que se reciben a trav\u00e9s de www.cuidomiciudad.do<\/p>\n<h6> 2018-03-19 13:15:42 <\/h6>\n<p><!--\n<link rel=\"stylesheet\" href=\"css\/bootstrap.min.css\">\n\n\n<ul class=\"pagination\">\n\t    \n\t\n\n<li >\n\t<a href='?page_no=6384'>Previous<\/a>\n\t<\/li>\n\n\n       \n    \n\n<li><a href='?page_no=1'>1<\/a><\/li>\n\n\n\n<li><a href='?page_no=2'>2<\/a><\/li>\n\n\n\n<li><a>...<\/a><\/li>\n\n\n\n<li><a href='?page_no=6383'>6383<\/a><\/li>\n\n\n\n<li><a href='?page_no=6384'>6384<\/a><\/li>\n\n\n\n<li class='active'><a>6385<\/a><\/li>\n\n\n\n<li><a href='?page_no=6386'>6386<\/a><\/li>\n\n\n\n<li><a href='?page_no=6387'>6387<\/a><\/li>\n\n\n\n<li><a>...<\/a><\/li>\n\n\n\n<li><a href='?page_no=36999'>36999<\/a><\/li>\n\n\n\n<li><a href='?page_no=37000'>37000<\/a><\/li>\n\n    \n\t\n\n<li >\n\t<a href='?page_no=6386'>Next<\/a>\n\t<\/li>\n\n\n    \n\n<li><a href='?page_no=37000'>Last &rsaquo;&rsaquo;<\/a><\/li>\n\n<\/ul>\n\n\n--><br \/>\n<\/body><\/p>\n","protected":false},"excerpt":{"rendered":"<p>La nueva estafeta de servicios del ADN funcionar\u00e1 en la avenida Gustavo Mej\u00eda Ricart casi esquina Lope de Vega La alcald\u00eda del Distrito Nacional dej\u00f3 en funcionamiento un Centro de Servicios al Ciudadano, donde los usuarios podr\u00e1n realizar sus denuncias, pagar arbitrios, facturas y otras gestiones con rapidez y c\u00f3modas condiciones El alcalde David Collado [&hellip;]<\/p>\n","protected":false},"author":3,"featured_media":0,"comment_status":"open","ping_status":"open","sticky":false,"template":"","format":"standard","meta":{"footnotes":""},"categories":[22],"tags":[],"class_list":["post-171039","post","type-post","status-publish","format-standard","hentry","category-politica"],"_links":{"self":[{"href":"https:\/\/diariodominicano.com\/index.php?rest_route=\/wp\/v2\/posts\/171039","targetHints":{"allow":["GET"]}}],"collection":[{"href":"https:\/\/diariodominicano.com\/index.php?rest_route=\/wp\/v2\/posts"}],"about":[{"href":"https:\/\/diariodominicano.com\/index.php?rest_route=\/wp\/v2\/types\/post"}],"author":[{"embeddable":true,"href":"https:\/\/diariodominicano.com\/index.php?rest_route=\/wp\/v2\/users\/3"}],"replies":[{"embeddable":true,"href":"https:\/\/diariodominicano.com\/index.php?rest_route=%2Fwp%2Fv2%2Fcomments&post=171039"}],"version-history":[{"count":0,"href":"https:\/\/diariodominicano.com\/index.php?rest_route=\/wp\/v2\/posts\/171039\/revisions"}],"wp:attachment":[{"href":"https:\/\/diariodominicano.com\/index.php?rest_route=%2Fwp%2Fv2%2Fmedia&parent=171039"}],"wp:term":[{"taxonomy":"category","embeddable":true,"href":"https:\/\/diariodominicano.com\/index.php?rest_route=%2Fwp%2Fv2%2Fcategories&post=171039"},{"taxonomy":"post_tag","embeddable":true,"href":"https:\/\/diariodominicano.com\/index.php?rest_route=%2Fwp%2Fv2%2Ftags&post=171039"}],"curies":[{"name":"wp","href":"https:\/\/api.w.org\/{rel}","templated":true}]}}