{"id":171038,"date":"2018-03-19T13:32:32","date_gmt":"2018-03-19T13:32:32","guid":{"rendered":"http:\/\/diariodominicano.ddns.net\/?p=171038"},"modified":"2018-03-19T13:32:32","modified_gmt":"2018-03-19T13:32:32","slug":"opcion-democratica-inaugura-sus-talleres-de-formacion-politica","status":"publish","type":"post","link":"https:\/\/diariodominicano.com\/?p=171038","title":{"rendered":"Opci\u00f3n Democr\u00e1tica inaugura sus talleres de formaci\u00f3n pol\u00edtica"},"content":{"rendered":"<p><body><\/p>\n<p><img decoding=\"async\" src=\"img3\/op2.jpg\" \/>  <\/p>\n<p>Con el tema \u00abLos partidos pol\u00edticos y su funci\u00f3n\u00bb, Opci\u00f3n Democr\u00e1tica inaugur\u00f3 su \u00f3rgano de formaci\u00f3n pol\u00edtica con el objetivo de aclarar conceptos y fortalecer conocimientos sobre la pol\u00edtica y su ejercicio.<\/p>\n<\/p>\n<p>La conferencia, impartida por Guillermo Cifuentes, profesor chileno y m\u00e1ster en Ciencias Pol\u00edticas, est\u00e1 dirigida a militantes y simpatizantes del partido, as\u00ed como al p\u00fablico en general que desee profundizar sobre temas que permitan una mayor claridad sobre el pasado, el presente y el futuro de la pol\u00edtica y su impacto en la sociedad.<\/p>\n<\/p>\n<p>El calendario educativo contin\u00faa con los temas \u00abMovimientos sociales\u00bb, el 21 de abril; \u00abDerechos humanos, pol\u00edtica y democracia I\u00bb, el 19 de mayo; y, \u00abDerechos humanos, pol\u00edtica y democracia II\u00bb, el 16 de junio. Todos ser\u00e1n celebrados en Alianza Cibae\u00f1a, en Santiago de los Caballeros.<\/p>\n<\/p>\n<p>El evento estuvo encabezado por Minou Tav\u00e1rez Mirabal, presidenta del partido, y Josefina Alm\u00e1nzar, presidenta de Opci\u00f3n Democr\u00e1tica Santiago. Alm\u00e1nzar, al dar la bienvenida a los participantes, los inst\u00f3 a estudiar la pol\u00edtica, a cambiar desde la acci\u00f3n el ejercicio de \u00e9sta y de la ciudadan\u00eda.<\/p>\n<\/p>\n<p>Por su lado, al cierre, la exdiputada Tav\u00e1rez Mirabal expres\u00f3 que \u00abeste esfuerzo persigue contribuir con la educaci\u00f3n y la formaci\u00f3n de los ciudadanos en pro del desarrollo de su condici\u00f3n y de construir una conciencia cr\u00edtica en temas pol\u00edticos y sociales\u00bb.<\/p>\n<\/p>\n<p>Los interesados en participar pueden recibir informaci\u00f3n a trav\u00e9s de las redes sociales del partido @ODemocratica en Twitter y \u00abOpci\u00f3n Democr\u00e1tica\u00bb en Instagram y Facebook.<\/p>\n<\/p>\n<h6> 2018-03-19 13:32:32 <\/h6>\n<p><!--\n<link rel=\"stylesheet\" href=\"css\/bootstrap.min.css\">\n\n\n<ul class=\"pagination\">\n\t    \n\t\n\n<li >\n\t<a href='?page_no=6383'>Previous<\/a>\n\t<\/li>\n\n\n       \n    \n\n<li><a href='?page_no=1'>1<\/a><\/li>\n\n\n\n<li><a href='?page_no=2'>2<\/a><\/li>\n\n\n\n<li><a>...<\/a><\/li>\n\n\n\n<li><a href='?page_no=6382'>6382<\/a><\/li>\n\n\n\n<li><a href='?page_no=6383'>6383<\/a><\/li>\n\n\n\n<li class='active'><a>6384<\/a><\/li>\n\n\n\n<li><a href='?page_no=6385'>6385<\/a><\/li>\n\n\n\n<li><a href='?page_no=6386'>6386<\/a><\/li>\n\n\n\n<li><a>...<\/a><\/li>\n\n\n\n<li><a href='?page_no=36999'>36999<\/a><\/li>\n\n\n\n<li><a href='?page_no=37000'>37000<\/a><\/li>\n\n    \n\t\n\n<li >\n\t<a href='?page_no=6385'>Next<\/a>\n\t<\/li>\n\n\n    \n\n<li><a href='?page_no=37000'>Last &rsaquo;&rsaquo;<\/a><\/li>\n\n<\/ul>\n\n\n--><br \/>\n<\/body><\/p>\n","protected":false},"excerpt":{"rendered":"<p>Con el tema \u00abLos partidos pol\u00edticos y su funci\u00f3n\u00bb, Opci\u00f3n Democr\u00e1tica inaugur\u00f3 su \u00f3rgano de formaci\u00f3n pol\u00edtica con el objetivo de aclarar conceptos y fortalecer conocimientos sobre la pol\u00edtica y su ejercicio. La conferencia, impartida por Guillermo Cifuentes, profesor chileno y m\u00e1ster en Ciencias Pol\u00edticas, est\u00e1 dirigida a militantes y simpatizantes del partido, as\u00ed como [&hellip;]<\/p>\n","protected":false},"author":3,"featured_media":0,"comment_status":"open","ping_status":"open","sticky":false,"template":"","format":"standard","meta":{"footnotes":""},"categories":[22],"tags":[],"class_list":["post-171038","post","type-post","status-publish","format-standard","hentry","category-politica"],"_links":{"self":[{"href":"https:\/\/diariodominicano.com\/index.php?rest_route=\/wp\/v2\/posts\/171038","targetHints":{"allow":["GET"]}}],"collection":[{"href":"https:\/\/diariodominicano.com\/index.php?rest_route=\/wp\/v2\/posts"}],"about":[{"href":"https:\/\/diariodominicano.com\/index.php?rest_route=\/wp\/v2\/types\/post"}],"author":[{"embeddable":true,"href":"https:\/\/diariodominicano.com\/index.php?rest_route=\/wp\/v2\/users\/3"}],"replies":[{"embeddable":true,"href":"https:\/\/diariodominicano.com\/index.php?rest_route=%2Fwp%2Fv2%2Fcomments&post=171038"}],"version-history":[{"count":0,"href":"https:\/\/diariodominicano.com\/index.php?rest_route=\/wp\/v2\/posts\/171038\/revisions"}],"wp:attachment":[{"href":"https:\/\/diariodominicano.com\/index.php?rest_route=%2Fwp%2Fv2%2Fmedia&parent=171038"}],"wp:term":[{"taxonomy":"category","embeddable":true,"href":"https:\/\/diariodominicano.com\/index.php?rest_route=%2Fwp%2Fv2%2Fcategories&post=171038"},{"taxonomy":"post_tag","embeddable":true,"href":"https:\/\/diariodominicano.com\/index.php?rest_route=%2Fwp%2Fv2%2Ftags&post=171038"}],"curies":[{"name":"wp","href":"https:\/\/api.w.org\/{rel}","templated":true}]}}