{"id":171035,"date":"2018-03-19T20:03:58","date_gmt":"2018-03-19T20:03:58","guid":{"rendered":"http:\/\/diariodominicano.ddns.net\/?p=171035"},"modified":"2018-03-19T20:03:58","modified_gmt":"2018-03-19T20:03:58","slug":"comision-presidencial-ejecutiva-del-prd-se-reunira-los-lunes","status":"publish","type":"post","link":"https:\/\/diariodominicano.com\/?p=171035","title":{"rendered":"Comisi\u00f3n Presidencial Ejecutiva del PRD se reunir\u00e1 los lunes"},"content":{"rendered":"<p><body><\/p>\n<p><img decoding=\"async\" src=\"img3\/PRD logo00.png\" \/>  <\/p>\n<p><strong><span class=\"text1noticias\">SANTO DOMINGO, RD, 19 de marzo de 2018.- <\/span><\/strong><span class=\"text1noticias\"> El Partido Revolucionario Dominicano (PRD) anunci\u00f3 este lunes  que su Comisi\u00f3n Presidencial Ejecutiva se reunir\u00e1 todos los lunes en la tarde para dar seguimiento a los planes de trabajo y trazar las posiciones pol\u00edticas cotidianas de la organizaci\u00f3n.<\/span><\/p>\n<\/p>\n<p><span class=\"text1noticias\"> <\/span><\/p>\n<\/p>\n<p><strong><span class=\"text1noticias\">En un bolet\u00edn de prensa el PRD inform\u00f3 a trav\u00e9s de H\u00e9ctor Guzm\u00e1n, coordinador de voceros de la entidad, que la designaci\u00f3n en nuevos cargos de m\u00e1s de veinte dirigentes de alto nivel forma parte del proceso de dinamizaci\u00f3n en que est\u00e1 inmerso el partido.<\/span><\/strong><\/p>\n<\/p>\n<p><span class=\"text1noticias\">Guzm\u00e1n dijo que las designaciones, hechas en la primera reuni\u00f3n de la Comisi\u00f3n Presidencial Ejecutiva,  fueron acogidas a unanimidad por todos los presentes con un esp\u00edritu de armon\u00eda, regocijo y unidad y que en ning\u00fan momento se contempl\u00f3 ni decidi\u00f3 amonestaci\u00f3n ni sanci\u00f3n para ninguno de los dirigentes.<\/span><\/p>\n<\/p>\n<p><span class=\"text1noticias\">Los designados el viernes son Janet Camilo, Secretar\u00eda de Asuntos Electorales;  Juan Carlos Guerra, Secretario de Educaci\u00f3n; Juan Santos, Secretario Nacional de la Juventud; Joel D\u00edaz, Secretario Nacional de Asuntos Profesionales; Julissa Hern\u00e1ndez Secretar\u00eda Nacional de la Mujer; Alejandro Abreu, Secretario Nacional de Comunicaciones; H\u00e9ctor Guzm\u00e1n, Coordinador de Voceros, Antonio Alma, enlace entre la Direcci\u00f3n del Partido y el Sector Externo; Carlos Gabriel Garc\u00eda, presidente de las seccionales en el exterior; Victor G\u00f3mez Casanova, Mary S\u00e1nchez, Mon Molina y Ana Obdalys Perez, vicepresidentes nacionales y miembros titulares de la Comisi\u00f3n Presidencial Ejecutiva .<\/span><\/p>\n<\/p>\n<p><span class=\"text1noticias\"> <\/span><\/p>\n<\/p>\n<p><span class=\"text1noticias\">Tambi\u00e9n, Ram\u00f3n Arnaldo Pimentel, Juan Ernesto Santiago y Edward Hidalgo, Subsecretarios Nacionales de la Juventud;  Amancia de la Cruz, Minerva Casalinovo, Betty Baez, Abril Pe\u00f1a y Virginia Ma\u00f1\u00f3n, vicepresidentas nacionales adscritas la Secretar\u00eda de la Mujer; Yayo Mat\u00edas, presidente provincial de Valverde. Rub\u00e9n Pe\u00f1al\u00f3, presidente del Comit\u00e9 Municipal de Mao;  Isidro Rosario, presidente de la provincia Hermanas Mirabal; Israel Rodr\u00edguez Mercado, presidente del comit\u00e9 municipal de Tenares; Mar\u00eda Ortiz, presidenta del comit\u00e9 municipal de Salcedo; Domingo D\u00edaz, presidente del comit\u00e9 municipal de Constanza. <\/span><\/p>\n<\/p>\n<\/p>\n<\/p>\n<h6> 2018-03-19 20:03:58 <\/h6>\n<p><!--\n<link rel=\"stylesheet\" href=\"css\/bootstrap.min.css\">\n\n\n<ul class=\"pagination\">\n\t    \n\t\n\n<li >\n\t<a href='?page_no=6380'>Previous<\/a>\n\t<\/li>\n\n\n       \n    \n\n<li><a href='?page_no=1'>1<\/a><\/li>\n\n\n\n<li><a href='?page_no=2'>2<\/a><\/li>\n\n\n\n<li><a>...<\/a><\/li>\n\n\n\n<li><a href='?page_no=6379'>6379<\/a><\/li>\n\n\n\n<li><a href='?page_no=6380'>6380<\/a><\/li>\n\n\n\n<li class='active'><a>6381<\/a><\/li>\n\n\n\n<li><a href='?page_no=6382'>6382<\/a><\/li>\n\n\n\n<li><a href='?page_no=6383'>6383<\/a><\/li>\n\n\n\n<li><a>...<\/a><\/li>\n\n\n\n<li><a href='?page_no=36999'>36999<\/a><\/li>\n\n\n\n<li><a href='?page_no=37000'>37000<\/a><\/li>\n\n    \n\t\n\n<li >\n\t<a href='?page_no=6382'>Next<\/a>\n\t<\/li>\n\n\n    \n\n<li><a href='?page_no=37000'>Last &rsaquo;&rsaquo;<\/a><\/li>\n\n<\/ul>\n\n\n--><br \/>\n<\/body><\/p>\n","protected":false},"excerpt":{"rendered":"<p>SANTO DOMINGO, RD, 19 de marzo de 2018.- El Partido Revolucionario Dominicano (PRD) anunci\u00f3 este lunes que su Comisi\u00f3n Presidencial Ejecutiva se reunir\u00e1 todos los lunes en la tarde para dar seguimiento a los planes de trabajo y trazar las posiciones pol\u00edticas cotidianas de la organizaci\u00f3n. En un bolet\u00edn de prensa el PRD inform\u00f3 a [&hellip;]<\/p>\n","protected":false},"author":3,"featured_media":0,"comment_status":"open","ping_status":"open","sticky":false,"template":"","format":"standard","meta":{"footnotes":""},"categories":[22],"tags":[],"class_list":["post-171035","post","type-post","status-publish","format-standard","hentry","category-politica"],"_links":{"self":[{"href":"https:\/\/diariodominicano.com\/index.php?rest_route=\/wp\/v2\/posts\/171035","targetHints":{"allow":["GET"]}}],"collection":[{"href":"https:\/\/diariodominicano.com\/index.php?rest_route=\/wp\/v2\/posts"}],"about":[{"href":"https:\/\/diariodominicano.com\/index.php?rest_route=\/wp\/v2\/types\/post"}],"author":[{"embeddable":true,"href":"https:\/\/diariodominicano.com\/index.php?rest_route=\/wp\/v2\/users\/3"}],"replies":[{"embeddable":true,"href":"https:\/\/diariodominicano.com\/index.php?rest_route=%2Fwp%2Fv2%2Fcomments&post=171035"}],"version-history":[{"count":0,"href":"https:\/\/diariodominicano.com\/index.php?rest_route=\/wp\/v2\/posts\/171035\/revisions"}],"wp:attachment":[{"href":"https:\/\/diariodominicano.com\/index.php?rest_route=%2Fwp%2Fv2%2Fmedia&parent=171035"}],"wp:term":[{"taxonomy":"category","embeddable":true,"href":"https:\/\/diariodominicano.com\/index.php?rest_route=%2Fwp%2Fv2%2Fcategories&post=171035"},{"taxonomy":"post_tag","embeddable":true,"href":"https:\/\/diariodominicano.com\/index.php?rest_route=%2Fwp%2Fv2%2Ftags&post=171035"}],"curies":[{"name":"wp","href":"https:\/\/api.w.org\/{rel}","templated":true}]}}