{"id":171034,"date":"2018-03-19T20:15:35","date_gmt":"2018-03-19T20:15:35","guid":{"rendered":"http:\/\/diariodominicano.ddns.net\/?p=171034"},"modified":"2018-03-19T20:15:35","modified_gmt":"2018-03-19T20:15:35","slug":"max-puig-afirma-partidos-han-descuidado-el-tema-del-medio-ambiente","status":"publish","type":"post","link":"https:\/\/diariodominicano.com\/?p=171034","title":{"rendered":"Max Puig afirma partidos han descuidado el tema del medio ambiente"},"content":{"rendered":"<p><body><\/p>\n<p><img decoding=\"async\" src=\"img3\/aca5f55e-1a68-48ae-b1c4-fd8cd9d71e84 (1).jpg\" \/>  <\/p>\n<p><strong>SANTO DOMINGO, RD, 19 de marzo de 2018.- <\/strong>\u00abLos partidos pol\u00edticos dominicanos no le han dado la debida importancia al tema del medio ambiente\u00bb, afirm\u00f3 el presidente de la Alianza por la Democracia (APD), Max Puig.<\/p>\n<\/p>\n<p>Consider\u00f3 que temas realmente fundamentales para la sobrevivencia de nuestra la sociedad y el bienestar de los ciudadanos han sido dejados de lado por las organizaciones partidarias, que han estado m\u00e1s preocupadas por aspectos pol\u00edticos de poco alcance como la obtenci\u00f3n de puestos p\u00fablicos y el reparto de prebendas, agregando a seguidas que el partido de gobierno ha sido el primero en dar el mal ejemplo al respecto.<\/p>\n<\/p>\n<p>Dijo que a pesar del desprecio de los partidos por la cuesti\u00f3n medio ambiental, esta es objeto de un inter\u00e9s creciente de parte de la ciudadan\u00eda, especialmente de las j\u00f3venes generaciones.<\/p>\n<\/p>\n<p>El dirigente de la APD destac\u00f3 las acciones desarrolladas por los j\u00f3venes en defensa de los recursos naturales, poniendo como ejemplo la defensa de Los Haitises, Loma Miranda, Bah\u00eda de las \u00c1guilas y la Cordillera Central.<\/p>\n<p>Puig relacion\u00f3 las recurrentes inundaciones que est\u00e1 sufriendo la provincia de Puerto Plata con el cambio clim\u00e1tico que, record\u00f3, es el resultado de la acci\u00f3n humana.<\/p>\n<\/p>\n<p>Dijo  que el pa\u00eds todav\u00eda no ha tomado plena conciencia de los efectos negativos que, seg\u00fan dijo,  tendr\u00eda para nuestro pa\u00eds las sobrevaluadas plantas de carb\u00f3n de Punta Catalina.<\/p>\n<\/p>\n<p>El presidente de la APD hizo sus declaraciones en ocasi\u00f3n de un encuentro regional de dirigentes de su partido de la provincia de San Juan de la Maguana, con miras a la celebraci\u00f3n del Cuarto Congreso de la organizaci\u00f3n, que tendr\u00e1 lugar este a\u00f1o, precisa un bolet\u00edn de prensa de la APD.<\/p>\n<\/p>\n<p>En el encuentro, en el que Puig analiz\u00f3 el desempe\u00f1o de la APD durante los \u00faltimos meses, tambi\u00e9n hizo uso de la palabra el secretario general apedeista, doctor Carlos S\u00e1nchez, quien explic\u00f3 la metodolog\u00eda que seguir\u00e1 la organizaci\u00f3n pol\u00edtica en la organizaci\u00f3n de su congreso.<\/p>\n<\/p>\n<p>Durante el evento fueron reconocidos dirigentes regionales y locales que han jugado un papel destacado. Haciendo uso de la palabra a nombre de los homenajeados, Johnny Encarnaci\u00f3n, ex alcalde de Vallejuelo, reiter\u00f3 la solidez de las simpat\u00edas que tiene la APD en ese municipio, que es uno de los principales productores de cebollas del pa\u00eds.<\/p>\n<\/p>\n<p>Entre los dirigentes que fueron objeto de reconocimiento se cuentan Johny Encarnaci\u00f3n, Bienvenido Montero, Roberto Baez y  Louerdes Ogando, entre otros.<\/p>\n<\/p>\n<h6> 2018-03-19 20:15:35 <\/h6>\n<p><!--\n<link rel=\"stylesheet\" href=\"css\/bootstrap.min.css\">\n\n\n<ul class=\"pagination\">\n\t    \n\t\n\n<li >\n\t<a href='?page_no=6379'>Previous<\/a>\n\t<\/li>\n\n\n       \n    \n\n<li><a href='?page_no=1'>1<\/a><\/li>\n\n\n\n<li><a href='?page_no=2'>2<\/a><\/li>\n\n\n\n<li><a>...<\/a><\/li>\n\n\n\n<li><a href='?page_no=6378'>6378<\/a><\/li>\n\n\n\n<li><a href='?page_no=6379'>6379<\/a><\/li>\n\n\n\n<li class='active'><a>6380<\/a><\/li>\n\n\n\n<li><a href='?page_no=6381'>6381<\/a><\/li>\n\n\n\n<li><a href='?page_no=6382'>6382<\/a><\/li>\n\n\n\n<li><a>...<\/a><\/li>\n\n\n\n<li><a href='?page_no=36999'>36999<\/a><\/li>\n\n\n\n<li><a href='?page_no=37000'>37000<\/a><\/li>\n\n    \n\t\n\n<li >\n\t<a href='?page_no=6381'>Next<\/a>\n\t<\/li>\n\n\n    \n\n<li><a href='?page_no=37000'>Last &rsaquo;&rsaquo;<\/a><\/li>\n\n<\/ul>\n\n\n--><br \/>\n<\/body><\/p>\n","protected":false},"excerpt":{"rendered":"<p>SANTO DOMINGO, RD, 19 de marzo de 2018.- \u00abLos partidos pol\u00edticos dominicanos no le han dado la debida importancia al tema del medio ambiente\u00bb, afirm\u00f3 el presidente de la Alianza por la Democracia (APD), Max Puig. Consider\u00f3 que temas realmente fundamentales para la sobrevivencia de nuestra la sociedad y el bienestar de los ciudadanos han [&hellip;]<\/p>\n","protected":false},"author":3,"featured_media":0,"comment_status":"open","ping_status":"open","sticky":false,"template":"","format":"standard","meta":{"footnotes":""},"categories":[22],"tags":[],"class_list":["post-171034","post","type-post","status-publish","format-standard","hentry","category-politica"],"_links":{"self":[{"href":"https:\/\/diariodominicano.com\/index.php?rest_route=\/wp\/v2\/posts\/171034","targetHints":{"allow":["GET"]}}],"collection":[{"href":"https:\/\/diariodominicano.com\/index.php?rest_route=\/wp\/v2\/posts"}],"about":[{"href":"https:\/\/diariodominicano.com\/index.php?rest_route=\/wp\/v2\/types\/post"}],"author":[{"embeddable":true,"href":"https:\/\/diariodominicano.com\/index.php?rest_route=\/wp\/v2\/users\/3"}],"replies":[{"embeddable":true,"href":"https:\/\/diariodominicano.com\/index.php?rest_route=%2Fwp%2Fv2%2Fcomments&post=171034"}],"version-history":[{"count":0,"href":"https:\/\/diariodominicano.com\/index.php?rest_route=\/wp\/v2\/posts\/171034\/revisions"}],"wp:attachment":[{"href":"https:\/\/diariodominicano.com\/index.php?rest_route=%2Fwp%2Fv2%2Fmedia&parent=171034"}],"wp:term":[{"taxonomy":"category","embeddable":true,"href":"https:\/\/diariodominicano.com\/index.php?rest_route=%2Fwp%2Fv2%2Fcategories&post=171034"},{"taxonomy":"post_tag","embeddable":true,"href":"https:\/\/diariodominicano.com\/index.php?rest_route=%2Fwp%2Fv2%2Ftags&post=171034"}],"curies":[{"name":"wp","href":"https:\/\/api.w.org\/{rel}","templated":true}]}}