{"id":171032,"date":"2018-03-20T11:50:57","date_gmt":"2018-03-20T11:50:57","guid":{"rendered":"http:\/\/diariodominicano.ddns.net\/?p=171032"},"modified":"2018-03-20T11:50:57","modified_gmt":"2018-03-20T11:50:57","slug":"pdi-recibe-en-su-sede-a-su-candidato-presidencial-ramfis-dominguez-trujillo","status":"publish","type":"post","link":"https:\/\/diariodominicano.com\/?p=171032","title":{"rendered":"PDI recibe en su sede a su candidato presidencial, Ramfis Dom\u00ednguez Trujillo"},"content":{"rendered":"<p><body><\/p>\n<p><img decoding=\"async\" src=\"img3\/pdi1.jpg\" \/><br \/><img decoding=\"async\" src=\"img3\/pdi2.jpg\" \/>  <\/p>\n<p>El Lic. Ramfis Dom\u00ednguez Trujillo fue recibido en la SEDE Central del Partido Dem\u00f3crata Institucional del ?PDI ? por los miembros  Comit\u00e9 Central de ese partido y por miembros del Comit\u00e9 del Distrito Nacional y la provincia de Santo Domingo, donde se le dio la bienvenida y se le felicit\u00f3 por establecerse en el pa\u00eds de forma permanente para trabajar por su candidatura presidencial cuya campa\u00f1a est\u00e1 siendo dirigida por el presidente de dicho partido, el Dr. Ismael Reyes Cruz.<\/p>\n<\/p>\n<p>En su intervenci\u00f3n Ramfis agradeci\u00f3 el apoyo recibido por los dirigentes de dicha entidad pol\u00edtica, as\u00ed como por haberlo escogido como su candidato a la presidencia de la naci\u00f3n, pendiente solo de ser presentado y ratificado por la CONVENCION NACIONAL que ese partido celebrar\u00e1 el a\u00f1o pr\u00f3ximo.<\/p>\n<\/p>\n<p>Al presentar al Lic. Ramfis Dom\u00ednguez Trujillo, Ismael Reyes dijo que en su condici\u00f3n de presidente del partido, ser\u00e1 \u00e9l, personalmente, quien presentar\u00e1 y motivar\u00e1 la candidatura presidencial de Ramfis frente a los delegados de la CONVENCION pautada para el a\u00f1o 2019, ya que est\u00e1 convencido de que la unidad Ramfis-PDI es una f\u00f3rmula ganadora e inexpugnable que sacar\u00e1 en las elecciones del 2020 al PLD del poder, por m\u00e1s maroma que la c\u00fapula que ha secuestrado a ese partido quiera hacer.<\/p>\n<\/p>\n<p>Por su parte, el PARTIDO ESPERANZA DEMOCRATICA, que preside el Lic. Ramfis Dom\u00ednguez Trujillo, agradeci\u00f3 la escogencia y el trato que como a un hermano le han dado los dirigentes del PDI, y por igual  a los dem\u00e1s dirigentes de su organizaci\u00f3n, cuyo programa de gobierno es coincidente con el programa de gobierno del PDI, lo cual facilit\u00f3 el acuerdo pol\u00edtico-electoral entre ambas entidades pol\u00edticas.<\/p>\n<\/p>\n<p>Ramfis se\u00f1al\u00f3, que a partir del a\u00f1o 2020 se acabar\u00e1 en el pa\u00eds el irrespeto a la soberan\u00eda nacional, dado el hecho de que enfrentamos una invasi\u00f3n haitiana irresponsable y contraria a lo que establece nuestra constituci\u00f3n, la cual ordena la preservaci\u00f3n de la integridad nacional y la protecci\u00f3n de nuestras fronteras.<\/p>\n<\/p>\n<p>Manifest\u00f3 que el proceso de cedulaci\u00f3n a ciudadanos haitianos,  quienes tambi\u00e9n poseen la c\u00e9dula de su pa\u00eds de origen, es un acto criminal y cobarde por parte de las actuales autoridades del pa\u00eds, las cuales se ver\u00e1n obligadas a responder a \u00e9l y al pa\u00eds cuando sea presidente de la Rep\u00fablica a  partir del a\u00f1o 2020. \u00abTendr\u00e1n que v\u00e9rselas en los tribunales por haber violado la constituci\u00f3n y las leyes de la Republica Dominicana\u00bb, adujo Ramfis. <\/p>\n<\/p>\n<p>Tambi\u00e9n se\u00f1al\u00f3 que en su gobierno la soberan\u00eda ser\u00e1 defendida, y que no permitir\u00e1 que nuestras fronteras nacionales sean violadas y pisoteadas por extranjeros, que en asociaci\u00f3n lucrativa con los que hoy gobiernan, entran al pa\u00eds a socavar nuestra soberan\u00eda, a da\u00f1ar el mercado laboral y a ofender el estilo cristiano de vida del pueblo dominicano.<\/p>\n<\/p>\n<p>Ramfis expres\u00f3 que solo falta poco m\u00e1s de dos a\u00f1os para tomar el poder junto a los dirigentes de la alianza que sustentan su candidatura, y que de inmediato iniciar\u00e1 un proceso de reorganizaci\u00f3n y saneamiento de las finanzas p\u00fablicas, que ordenar\u00e1 revisar lo abultada de nuestra deuda externa, y que decretar\u00e1 una auditor\u00eda forense de todas las obras p\u00fablicas hechas en el pa\u00eds en los \u00faltimos 20 a\u00f1os.<\/p>\n<\/p>\n<p>Ampli\u00f3 que toda sobrevaluaci\u00f3n y robo comprobado al patrimonio del  pueblo, ser\u00e1 castigado de forma ejemplar, caiga quien caiga; y que en el pa\u00eds se le pondr\u00e1 freno definitivo a la clase pol\u00edtica delincuente, que se ha robado miles de millones de pesos, mientras el pueblo se est\u00e1 muriendo de hambre, los ni\u00f1os siguen desnutridos, los ancianos no tienen ning\u00fan tipo de protecci\u00f3n en su vejez,  las empresas est\u00e1n quebrando, las madres solteras no tienen quien las auxilie, los comerciantes no aguantan ya m\u00e1s impuestos y el campo est\u00e1 abandonado.<\/p>\n<\/p>\n<p>Revel\u00f3 que a la par de todo esos problemas, las importaciones de ajo, cebolla y otros rubros para la alimentaci\u00f3n del pueblo, son importados y vendidos a sobreprecio a los consumidores, para llenar los bolsillos de personeros cercanos al presidente de la Rep\u00fablica, en una franca depredaci\u00f3n de la confianza que en el a\u00f1o 2012 el pueblo le dio al mandatario Medina, quien se reiter\u00f3 en el poder en al a\u00f1o 2016 por medios fraudulentos, a la luz de los scanners comprados y que est\u00e1n tirados en un almac\u00e9n de la Junta Central Electoral, a pesar de los millones de d\u00f3lares que estos han costado al pueblo dominicano.<\/p>\n<\/p>\n<p>Ramfis expres\u00f3 que reorganizar\u00e1 el Estado, y que modernizar\u00e1 por completo nuestras Fuerzas Armadas y la Polic\u00eda Nacional, aumentando sus salarios de forma significativa, tecnific\u00e1ndolas, provey\u00e9ndole ropas y equipos, y prepar\u00e1ndolas para defender la soberan\u00eda nacional y para ponerle freno absoluto a los delincuentes, para devolverle a nuestro pueblo la seguridad ciudadana.<\/p>\n<\/p>\n<p>El candidato presidencial del PDI y del Frente Nacional Opositor, FRENO, termin\u00f3 sus palabras diciendo, que a partir del a\u00f1o 2020, con su gobierno se iniciar\u00e1 en el pa\u00eds una \u00e9poca de luz, de prosperidad y de bienestar para todo el pueblo dominicano.<\/p>\n<h6> 2018-03-20 11:50:57 <\/h6>\n<p><!--\n<link rel=\"stylesheet\" href=\"css\/bootstrap.min.css\">\n\n\n<ul class=\"pagination\">\n\t    \n\t\n\n<li >\n\t<a href='?page_no=6378'>Previous<\/a>\n\t<\/li>\n\n\n       \n    \n\n<li><a href='?page_no=1'>1<\/a><\/li>\n\n\n\n<li><a href='?page_no=2'>2<\/a><\/li>\n\n\n\n<li><a>...<\/a><\/li>\n\n\n\n<li><a href='?page_no=6377'>6377<\/a><\/li>\n\n\n\n<li><a href='?page_no=6378'>6378<\/a><\/li>\n\n\n\n<li class='active'><a>6379<\/a><\/li>\n\n\n\n<li><a href='?page_no=6380'>6380<\/a><\/li>\n\n\n\n<li><a href='?page_no=6381'>6381<\/a><\/li>\n\n\n\n<li><a>...<\/a><\/li>\n\n\n\n<li><a href='?page_no=36999'>36999<\/a><\/li>\n\n\n\n<li><a href='?page_no=37000'>37000<\/a><\/li>\n\n    \n\t\n\n<li >\n\t<a href='?page_no=6380'>Next<\/a>\n\t<\/li>\n\n\n    \n\n<li><a href='?page_no=37000'>Last &rsaquo;&rsaquo;<\/a><\/li>\n\n<\/ul>\n\n\n--><br \/>\n<\/body><\/p>\n","protected":false},"excerpt":{"rendered":"<p>El Lic. Ramfis Dom\u00ednguez Trujillo fue recibido en la SEDE Central del Partido Dem\u00f3crata Institucional del ?PDI ? por los miembros Comit\u00e9 Central de ese partido y por miembros del Comit\u00e9 del Distrito Nacional y la provincia de Santo Domingo, donde se le dio la bienvenida y se le felicit\u00f3 por establecerse en el pa\u00eds [&hellip;]<\/p>\n","protected":false},"author":3,"featured_media":0,"comment_status":"open","ping_status":"open","sticky":false,"template":"","format":"standard","meta":{"footnotes":""},"categories":[22],"tags":[],"class_list":["post-171032","post","type-post","status-publish","format-standard","hentry","category-politica"],"_links":{"self":[{"href":"https:\/\/diariodominicano.com\/index.php?rest_route=\/wp\/v2\/posts\/171032","targetHints":{"allow":["GET"]}}],"collection":[{"href":"https:\/\/diariodominicano.com\/index.php?rest_route=\/wp\/v2\/posts"}],"about":[{"href":"https:\/\/diariodominicano.com\/index.php?rest_route=\/wp\/v2\/types\/post"}],"author":[{"embeddable":true,"href":"https:\/\/diariodominicano.com\/index.php?rest_route=\/wp\/v2\/users\/3"}],"replies":[{"embeddable":true,"href":"https:\/\/diariodominicano.com\/index.php?rest_route=%2Fwp%2Fv2%2Fcomments&post=171032"}],"version-history":[{"count":0,"href":"https:\/\/diariodominicano.com\/index.php?rest_route=\/wp\/v2\/posts\/171032\/revisions"}],"wp:attachment":[{"href":"https:\/\/diariodominicano.com\/index.php?rest_route=%2Fwp%2Fv2%2Fmedia&parent=171032"}],"wp:term":[{"taxonomy":"category","embeddable":true,"href":"https:\/\/diariodominicano.com\/index.php?rest_route=%2Fwp%2Fv2%2Fcategories&post=171032"},{"taxonomy":"post_tag","embeddable":true,"href":"https:\/\/diariodominicano.com\/index.php?rest_route=%2Fwp%2Fv2%2Ftags&post=171032"}],"curies":[{"name":"wp","href":"https:\/\/api.w.org\/{rel}","templated":true}]}}