{"id":171031,"date":"2018-03-20T11:56:46","date_gmt":"2018-03-20T11:56:46","guid":{"rendered":"http:\/\/diariodominicano.ddns.net\/?p=171031"},"modified":"2018-03-20T11:56:46","modified_gmt":"2018-03-20T11:56:46","slug":"dictara-ponencia-sobre-ley-de-partidos-politicos-y-alcance-de-primarias-abiertas-y-cerradas","status":"publish","type":"post","link":"https:\/\/diariodominicano.com\/?p=171031","title":{"rendered":"Dictar\u00e1 ponencia sobre ley de partidos pol\u00edticos y alcance de primarias abiertas y cerradas"},"content":{"rendered":"<p><body><\/p>\n<p><img decoding=\"async\" src=\"img3\/prima1.jpg\" \/>  <\/p>\n<p>El profesor em\u00e9rito de la Universidad Central de Venezuela, Allam Brewer Car\u00edas , tratar\u00e1 en una ponencia sobre la personalidad jur\u00eddica de los partidos pol\u00edticos, el alcance de la potestad regulatoria del legislador y el aspecto constitucional de las primarias abiertas y simult\u00e1neas en las agrupaciones pol\u00edticas dominicanas.<\/p>\n<\/p>\n<p>La ponencia del experto en derecho constitucional venezolano , ser\u00e1 dictada durante la puesta en circulaci\u00f3n del libro \u00a8Constituci\u00f3n , primarias y ley de partidos \u00a8, de la autor\u00eda del jurista Juan Alejandro Ayuso, presidente de la Fundaci\u00f3n Equidad.<\/p>\n<\/p>\n<p>Brewer Car\u00eds, prominente jurista, ampliamente conocido en la comunidad jur\u00eddica nacional e internacional, abundar\u00e1 sobre en torno a de otros expertos que participaron en el \u00a8Seminario Internaconal sobre Participaci\u00f3n Pol\u00edtica y Ley de Partidos\u00a8, a efectuarse este mi\u00e9rcoles 21 de marzo, en el Garden Tent del hotel El Embajador , a las 6:30 P.M.<\/p>\n<\/p>\n<p>Como una contribuci\u00f3n especial, el libro incluye un ensayo del profesor en derecho constitucional de la Universidad de Valencia y acreditado experto espa\u00f1ol en drecho de partidos Fernando Flores Jim\u00e9nez, titulado \u00a8Elecciones Primarias y Constitucional en la Rep\u00fablica Dominicana \u00a8.<\/p>\n<\/p>\n<p>El texto repasa y analiza en profundidad los principales argumentos esgrimidos en el debate jur\u00eddico-constitucional que han suscitado en el pa\u00eds las primarias abiertas  como m\u00e9todo para escoger los candidatos a puestos de elecci\u00f3npopular previsto en la Ley de Partidos y Agrupaciones Pol\u00edticas que cursa en el Congreso Nacional.<\/p>\n<\/p>\n<p>En el libro que ser\u00e1 puesto en circulaci\u00f3n , tambi\u00e9n se destaca las conferencias magistrales del experto electoral Carlo Fara, que presenta la experiencia argentina con la celebraci\u00f3n de primarias abiertas y sus recomendaciones al pa\u00eds.<\/p>\n<\/p>\n<p>Tambi\u00e9n las ponderaciones al respecto del profesor en Derecho Constitucional de la Universidad Carlos III de Madri, Emilio Pajares Montol\u00edo sobre la regulaci\u00f3n de las elecciones primarias en Espap\u00f1a, como consecuencia de la constitucionalizaci\u00f3n del derecho electoral en ese pa\u00eds.<\/p>\n<\/p>\n<p>La obra que ser\u00e1 puesta en circulaci\u00f3n por la Fundaci\u00f3n Equidad, copila interesantes exposiones hecha por destacados juristas y polit\u00f3logos nacionales y extranjeros que participaron en el \u00a8Semin<\/p>\n<h6> 2018-03-20 11:56:46 <\/h6>\n<p><!--\n<link rel=\"stylesheet\" href=\"css\/bootstrap.min.css\">\n\n\n<ul class=\"pagination\">\n\t    \n\t\n\n<li >\n\t<a href='?page_no=6377'>Previous<\/a>\n\t<\/li>\n\n\n       \n    \n\n<li><a href='?page_no=1'>1<\/a><\/li>\n\n\n\n<li><a href='?page_no=2'>2<\/a><\/li>\n\n\n\n<li><a>...<\/a><\/li>\n\n\n\n<li><a href='?page_no=6376'>6376<\/a><\/li>\n\n\n\n<li><a href='?page_no=6377'>6377<\/a><\/li>\n\n\n\n<li class='active'><a>6378<\/a><\/li>\n\n\n\n<li><a href='?page_no=6379'>6379<\/a><\/li>\n\n\n\n<li><a href='?page_no=6380'>6380<\/a><\/li>\n\n\n\n<li><a>...<\/a><\/li>\n\n\n\n<li><a href='?page_no=36999'>36999<\/a><\/li>\n\n\n\n<li><a href='?page_no=37000'>37000<\/a><\/li>\n\n    \n\t\n\n<li >\n\t<a href='?page_no=6379'>Next<\/a>\n\t<\/li>\n\n\n    \n\n<li><a href='?page_no=37000'>Last &rsaquo;&rsaquo;<\/a><\/li>\n\n<\/ul>\n\n\n--><br \/>\n<\/body><\/p>\n","protected":false},"excerpt":{"rendered":"<p>El profesor em\u00e9rito de la Universidad Central de Venezuela, Allam Brewer Car\u00edas , tratar\u00e1 en una ponencia sobre la personalidad jur\u00eddica de los partidos pol\u00edticos, el alcance de la potestad regulatoria del legislador y el aspecto constitucional de las primarias abiertas y simult\u00e1neas en las agrupaciones pol\u00edticas dominicanas. La ponencia del experto en derecho constitucional [&hellip;]<\/p>\n","protected":false},"author":3,"featured_media":0,"comment_status":"open","ping_status":"open","sticky":false,"template":"","format":"standard","meta":{"footnotes":""},"categories":[22],"tags":[],"class_list":["post-171031","post","type-post","status-publish","format-standard","hentry","category-politica"],"_links":{"self":[{"href":"https:\/\/diariodominicano.com\/index.php?rest_route=\/wp\/v2\/posts\/171031","targetHints":{"allow":["GET"]}}],"collection":[{"href":"https:\/\/diariodominicano.com\/index.php?rest_route=\/wp\/v2\/posts"}],"about":[{"href":"https:\/\/diariodominicano.com\/index.php?rest_route=\/wp\/v2\/types\/post"}],"author":[{"embeddable":true,"href":"https:\/\/diariodominicano.com\/index.php?rest_route=\/wp\/v2\/users\/3"}],"replies":[{"embeddable":true,"href":"https:\/\/diariodominicano.com\/index.php?rest_route=%2Fwp%2Fv2%2Fcomments&post=171031"}],"version-history":[{"count":0,"href":"https:\/\/diariodominicano.com\/index.php?rest_route=\/wp\/v2\/posts\/171031\/revisions"}],"wp:attachment":[{"href":"https:\/\/diariodominicano.com\/index.php?rest_route=%2Fwp%2Fv2%2Fmedia&parent=171031"}],"wp:term":[{"taxonomy":"category","embeddable":true,"href":"https:\/\/diariodominicano.com\/index.php?rest_route=%2Fwp%2Fv2%2Fcategories&post=171031"},{"taxonomy":"post_tag","embeddable":true,"href":"https:\/\/diariodominicano.com\/index.php?rest_route=%2Fwp%2Fv2%2Ftags&post=171031"}],"curies":[{"name":"wp","href":"https:\/\/api.w.org\/{rel}","templated":true}]}}