{"id":171030,"date":"2018-03-20T13:15:20","date_gmt":"2018-03-20T13:15:20","guid":{"rendered":"http:\/\/diariodominicano.ddns.net\/?p=171030"},"modified":"2018-03-20T13:15:20","modified_gmt":"2018-03-20T13:15:20","slug":"los-grafitis-y-esloganes-de-mayo-del-68","status":"publish","type":"post","link":"https:\/\/diariodominicano.com\/?p=171030","title":{"rendered":"Los grafitis y esl\u00f3ganes de Mayo del 68"},"content":{"rendered":"<p><body><\/p>\n<p><img decoding=\"async\" src=\"img3\/ebad15930d70e6a87e4972d4cc122b18b437d65a.jpg\" \/><br \/><img decoding=\"async\" src=\"img3\/8c22c8ac58506d8388e6e77c9efe5e0eac82aa29.jpg\" \/>  <\/p>\n<p>AFP \/ Ludovic Marin<\/p>\n<p>Un visitante contempla la exposici\u00f3n \u00abCarteles en lucha\u00bb, la mayor\u00eda creados en Mayo de 1968 en Francia, el 6 de marzo de 2018 en el Palacio de Bellas Artes de Par\u00eds<\/p>\n<p>El humor y la utop\u00eda impregnaron los esl\u00f3ganes rebeldes de Mayo del 68 en Francia, como \u00abProhibido prohibir\u00bb, \u00abLa imaginaci\u00f3n al poder\u00bb y \u00abNo quiero perder mi vida gan\u00e1ndomela\u00bb, que sobrevivieron al paso del tiempo.<\/p>\n<\/p>\n<p>Pintados en los muros, sobre todo los del c\u00e9lebre barrio Latino, sede de la Universidad de la Sorbona y epicentro de la revuelta estudiantil, los grafitis eran sin\u00f3nimo de \u00ablibertad\u00bb, escribe el periodista Julien Besan\u00e7on en un libro que recoge las centenares de inscripciones surgidas en Par\u00eds y la cercana ciudad de Nanterre, sede de otra universidad movilizada durante los acontecimientos.<\/p>\n<\/p>\n<p>Muchos de estos grafitis se convirtieron en esl\u00f3ganes y fueron inmortalizados por un taller de Bellas Artes que imprimi\u00f3 600.000 carteles entre mayo y junio, colgados en la capital y sus alrededores.<\/p>\n<\/p>\n<p>La mayor\u00eda de sus autores conservaron el anonimato. Pero algunos evocan su fase creativa, como Bernard Cousin, un estudiante que se convirti\u00f3 en m\u00e9dico y que reivindica la copaternidad de \u00abBajo los adoquines, la playa\u00bb.<\/p>\n<\/p>\n<p>El eslogan fue fruto de una reflexi\u00f3n con un joven publicista, Bernard Fritsch, y el punto de partida fue la frase \u00abHay hierba bajo los adoquines\u00bb.<\/p>\n<\/p>\n<p>Fritsch \u00abme dijo &#8216;hay que poner la playa&#8217;. Le gust\u00f3 mucho. Lo escribi\u00f3 por todas partes\u00bb, explic\u00f3 30 a\u00f1os m\u00e1s tarde Cousin a la televisi\u00f3n francesa.<\/p>\n<\/p>\n<p>En los carteles serigrafiados, dominaban el blanco y el negro. Las im\u00e1genes, estilizadas, ten\u00edan mucha fuerza, como la de un miembro de las Compa\u00f1\u00edas Republicanas de Seguridad (CRS, fuerzas del orden), que levanta su porra y su escudo con la sigla SS nazi. El eslogan \u00abCRS SS\u00bb, nacido 20 a\u00f1os antes con la represi\u00f3n de unas huelgas de mineros, encontr\u00f3 un amplio eco en Mayo del 68.<\/p>\n<\/p>\n<p>Ocurrencia de un humorista, \u00abProhibido prohibir\u00bb caus\u00f3 furor.<\/p>\n<\/p>\n<p>La revuelta y el rechazo a la autoridad se expres\u00f3 tambi\u00e9n en el cartel \u00abJoven, aqu\u00ed tienes tu papeleta para votar\u00bb, que mostraba un pesado adoqu\u00edn.<\/p>\n<\/p>\n<p>Mientras algunos esl\u00f3ganes fustigaban tambi\u00e9n una sociedad materialista, como \u00abMetro, trabajo, dormir\u00bb, o la imposibilidad de \u00abenamorarse de una tasa de crecimiento de 5%\u00bb, otros celebraban la utop\u00eda: \u00abSean realistas, pidan lo imposible\u00bb.<\/p>\n<\/p>\n<p>\u00abCorre camarada, el viejo mundo est\u00e1 detr\u00e1s de ti\u00bb, se proclamaba igualmente.<\/p>\n<\/p>\n<p>AFP \/ Alain BOMMENEL<\/p>\n<p>Una selecci\u00f3n de los esl\u00f3ganes y carteles que aparecieron en las paredes de Par\u00eds durante las protestas de mayo de 1968<\/p>\n<p>Tambi\u00e9n se expres\u00f3 el desasosiego frente a la guerra de Vietnam: \u00abEl poder se halla en la punta del fusil\u00bb.<\/p>\n<\/p>\n<p>Si bien los muros fueron r\u00e1pidamente repintados, borrando para siempre los esl\u00f3ganes, estos han sido objeto de muchas exposiciones e incluso de subastas.<\/p>\n<\/p>\n<p>La semana pasada, la casa Artcurial organiz\u00f3 una venta de 500 carteles en Par\u00eds. El de una joven que lanzaba un adoqu\u00edn proclamando \u00abLa belleza est\u00e1 en la calle\u00bb alcanz\u00f3 los 3.380 euros (4.150 d\u00f3lares).<\/p>\n<h6> 2018-03-20 13:15:20 <\/h6>\n<p><!--\n<link rel=\"stylesheet\" href=\"css\/bootstrap.min.css\">\n\n\n<ul class=\"pagination\">\n\t    \n\t\n\n<li >\n\t<a href='?page_no=6376'>Previous<\/a>\n\t<\/li>\n\n\n       \n    \n\n<li><a href='?page_no=1'>1<\/a><\/li>\n\n\n\n<li><a href='?page_no=2'>2<\/a><\/li>\n\n\n\n<li><a>...<\/a><\/li>\n\n\n\n<li><a href='?page_no=6375'>6375<\/a><\/li>\n\n\n\n<li><a href='?page_no=6376'>6376<\/a><\/li>\n\n\n\n<li class='active'><a>6377<\/a><\/li>\n\n\n\n<li><a href='?page_no=6378'>6378<\/a><\/li>\n\n\n\n<li><a href='?page_no=6379'>6379<\/a><\/li>\n\n\n\n<li><a>...<\/a><\/li>\n\n\n\n<li><a href='?page_no=36999'>36999<\/a><\/li>\n\n\n\n<li><a href='?page_no=37000'>37000<\/a><\/li>\n\n    \n\t\n\n<li >\n\t<a href='?page_no=6378'>Next<\/a>\n\t<\/li>\n\n\n    \n\n<li><a href='?page_no=37000'>Last &rsaquo;&rsaquo;<\/a><\/li>\n\n<\/ul>\n\n\n--><br \/>\n<\/body><\/p>\n","protected":false},"excerpt":{"rendered":"<p>AFP \/ Ludovic Marin Un visitante contempla la exposici\u00f3n \u00abCarteles en lucha\u00bb, la mayor\u00eda creados en Mayo de 1968 en Francia, el 6 de marzo de 2018 en el Palacio de Bellas Artes de Par\u00eds El humor y la utop\u00eda impregnaron los esl\u00f3ganes rebeldes de Mayo del 68 en Francia, como \u00abProhibido prohibir\u00bb, \u00abLa imaginaci\u00f3n [&hellip;]<\/p>\n","protected":false},"author":3,"featured_media":0,"comment_status":"open","ping_status":"open","sticky":false,"template":"","format":"standard","meta":{"footnotes":""},"categories":[22],"tags":[],"class_list":["post-171030","post","type-post","status-publish","format-standard","hentry","category-politica"],"_links":{"self":[{"href":"https:\/\/diariodominicano.com\/index.php?rest_route=\/wp\/v2\/posts\/171030","targetHints":{"allow":["GET"]}}],"collection":[{"href":"https:\/\/diariodominicano.com\/index.php?rest_route=\/wp\/v2\/posts"}],"about":[{"href":"https:\/\/diariodominicano.com\/index.php?rest_route=\/wp\/v2\/types\/post"}],"author":[{"embeddable":true,"href":"https:\/\/diariodominicano.com\/index.php?rest_route=\/wp\/v2\/users\/3"}],"replies":[{"embeddable":true,"href":"https:\/\/diariodominicano.com\/index.php?rest_route=%2Fwp%2Fv2%2Fcomments&post=171030"}],"version-history":[{"count":0,"href":"https:\/\/diariodominicano.com\/index.php?rest_route=\/wp\/v2\/posts\/171030\/revisions"}],"wp:attachment":[{"href":"https:\/\/diariodominicano.com\/index.php?rest_route=%2Fwp%2Fv2%2Fmedia&parent=171030"}],"wp:term":[{"taxonomy":"category","embeddable":true,"href":"https:\/\/diariodominicano.com\/index.php?rest_route=%2Fwp%2Fv2%2Fcategories&post=171030"},{"taxonomy":"post_tag","embeddable":true,"href":"https:\/\/diariodominicano.com\/index.php?rest_route=%2Fwp%2Fv2%2Ftags&post=171030"}],"curies":[{"name":"wp","href":"https:\/\/api.w.org\/{rel}","templated":true}]}}