{"id":171028,"date":"2018-03-20T13:38:28","date_gmt":"2018-03-20T13:38:28","guid":{"rendered":"http:\/\/diariodominicano.ddns.net\/?p=171028"},"modified":"2018-03-20T13:38:28","modified_gmt":"2018-03-20T13:38:28","slug":"amarante-baret-las-aspiraciones-en-el-pld-tienen-que-ser-validadas-por-metodos-democraticos","status":"publish","type":"post","link":"https:\/\/diariodominicano.com\/?p=171028","title":{"rendered":"Amarante Baret: Las aspiraciones en el PLD tienen que ser validadas por m\u00e9todos democr\u00e1ticos"},"content":{"rendered":"<p><body><\/p>\n<p><img decoding=\"async\" src=\"img3\/baret1.jpg\" \/>  <\/p>\n<p>Carlos Amarante Baret, miembro del Comit\u00e9 Pol\u00edtico del Partido de la Liberaci\u00f3n Dominicana, dijo que cualquier aspiraci\u00f3n que surja a lo interno de esa organizaci\u00f3n pol\u00edtica en su debido momento tiene que ser validada por sus miembros mediante el m\u00e9todo democr\u00e1tico y luego tendr\u00e1 que ser validada por la sociedad.<\/p>\n<\/p>\n<p>Amarante Baret expres\u00f3 que en ese proceso deber\u00e1 prevalecer la democracia y que esta decidir\u00e1 qu\u00e9 tipo de modelo quiere que siga gobernando desde el Partido de la Liberaci\u00f3n Dominicana a la Rep\u00fablica Dominicana.<\/p>\n<\/p>\n<p>\u00abCreo que en eso,  porque si algo hemos visto a lo largo de los a\u00f1os en el PLD es que todo aquel que en alg\u00fan momento se ha sentido en minor\u00eda y se ha ido de la organizaci\u00f3n con los a\u00f1os lo que ha hecho es regresar\u00bb, indic\u00f3 Amarante  Baret entrevistado en el programa Revista 110 y  referido por la Secretar\u00eda de Comunicaciones del PLD.<\/p>\n<\/p>\n<p>Manifest\u00f3 que por esas razones es muy dif\u00edcil que en el Partido de la Liberaci\u00f3n Dominicana, a pesar de las naturales diferencias que  se tienen, pueda surgir un proyecto de divisi\u00f3n que fracture el  Partido.<\/p>\n<\/p>\n<p>Cuestionado acerca de si se gana con cualquiera como afirman algunos, dijo que el proceso de elecci\u00f3n de un candidato a lo interno de una organizaci\u00f3n y luego su escogencia como postulante a la presidencia es un proceso de enamoramiento que se da entre la poblaci\u00f3n y el candidato.<\/p>\n<\/p>\n<p>\u00abLa pol\u00edtica es un arte y una ciencia que requiere ciertos niveles de preparaci\u00f3n y por lo tanto no se gana con cualquiera\u00bb, apunt\u00f3.<\/p>\n<\/p>\n<p>El dirigente pol\u00edtico tambi\u00e9n reiter\u00f3 su discurso de la necesidad de una transformaci\u00f3n y renovaci\u00f3n en el Partido de la Liberaci\u00f3n Dominicana.<\/p>\n<\/p>\n<p>\u00abEn el PLD hay que plantearse seriamente como va a ser el tema del relevo, ya no somos tan ni\u00f1os. Cuando uno ve los mismos actores uno siente que el tiempo no ha pasado, que estamos frisados\u00bb, signific\u00f3.<\/p>\n<h6> 2018-03-20 13:38:28 <\/h6>\n<p><!--\n<link rel=\"stylesheet\" href=\"css\/bootstrap.min.css\">\n\n\n<ul class=\"pagination\">\n\t    \n\t\n\n<li >\n\t<a href='?page_no=6374'>Previous<\/a>\n\t<\/li>\n\n\n       \n    \n\n<li><a href='?page_no=1'>1<\/a><\/li>\n\n\n\n<li><a href='?page_no=2'>2<\/a><\/li>\n\n\n\n<li><a>...<\/a><\/li>\n\n\n\n<li><a href='?page_no=6373'>6373<\/a><\/li>\n\n\n\n<li><a href='?page_no=6374'>6374<\/a><\/li>\n\n\n\n<li class='active'><a>6375<\/a><\/li>\n\n\n\n<li><a href='?page_no=6376'>6376<\/a><\/li>\n\n\n\n<li><a href='?page_no=6377'>6377<\/a><\/li>\n\n\n\n<li><a>...<\/a><\/li>\n\n\n\n<li><a href='?page_no=36999'>36999<\/a><\/li>\n\n\n\n<li><a href='?page_no=37000'>37000<\/a><\/li>\n\n    \n\t\n\n<li >\n\t<a href='?page_no=6376'>Next<\/a>\n\t<\/li>\n\n\n    \n\n<li><a href='?page_no=37000'>Last &rsaquo;&rsaquo;<\/a><\/li>\n\n<\/ul>\n\n\n--><br \/>\n<\/body><\/p>\n","protected":false},"excerpt":{"rendered":"<p>Carlos Amarante Baret, miembro del Comit\u00e9 Pol\u00edtico del Partido de la Liberaci\u00f3n Dominicana, dijo que cualquier aspiraci\u00f3n que surja a lo interno de esa organizaci\u00f3n pol\u00edtica en su debido momento tiene que ser validada por sus miembros mediante el m\u00e9todo democr\u00e1tico y luego tendr\u00e1 que ser validada por la sociedad. Amarante Baret expres\u00f3 que en [&hellip;]<\/p>\n","protected":false},"author":3,"featured_media":0,"comment_status":"open","ping_status":"open","sticky":false,"template":"","format":"standard","meta":{"footnotes":""},"categories":[22],"tags":[],"class_list":["post-171028","post","type-post","status-publish","format-standard","hentry","category-politica"],"_links":{"self":[{"href":"https:\/\/diariodominicano.com\/index.php?rest_route=\/wp\/v2\/posts\/171028","targetHints":{"allow":["GET"]}}],"collection":[{"href":"https:\/\/diariodominicano.com\/index.php?rest_route=\/wp\/v2\/posts"}],"about":[{"href":"https:\/\/diariodominicano.com\/index.php?rest_route=\/wp\/v2\/types\/post"}],"author":[{"embeddable":true,"href":"https:\/\/diariodominicano.com\/index.php?rest_route=\/wp\/v2\/users\/3"}],"replies":[{"embeddable":true,"href":"https:\/\/diariodominicano.com\/index.php?rest_route=%2Fwp%2Fv2%2Fcomments&post=171028"}],"version-history":[{"count":0,"href":"https:\/\/diariodominicano.com\/index.php?rest_route=\/wp\/v2\/posts\/171028\/revisions"}],"wp:attachment":[{"href":"https:\/\/diariodominicano.com\/index.php?rest_route=%2Fwp%2Fv2%2Fmedia&parent=171028"}],"wp:term":[{"taxonomy":"category","embeddable":true,"href":"https:\/\/diariodominicano.com\/index.php?rest_route=%2Fwp%2Fv2%2Fcategories&post=171028"},{"taxonomy":"post_tag","embeddable":true,"href":"https:\/\/diariodominicano.com\/index.php?rest_route=%2Fwp%2Fv2%2Ftags&post=171028"}],"curies":[{"name":"wp","href":"https:\/\/api.w.org\/{rel}","templated":true}]}}