{"id":171027,"date":"2018-03-20T13:41:06","date_gmt":"2018-03-20T13:41:06","guid":{"rendered":"http:\/\/diariodominicano.ddns.net\/?p=171027"},"modified":"2018-03-20T13:41:06","modified_gmt":"2018-03-20T13:41:06","slug":"pld-escogera-este-viernes-candidato-a-elecciones-del-colegio-de-economistas","status":"publish","type":"post","link":"https:\/\/diariodominicano.com\/?p=171027","title":{"rendered":"PLD escoger\u00e1 este viernes candidato a elecciones del Colegio de Economistas"},"content":{"rendered":"<p><body><\/p>\n<p><img decoding=\"async\" src=\"img3\/asun1.jpg\" \/>  <\/p>\n<p>Los economistas, miembros del Partido de la Liberaci\u00f3n Dominicana (PLD) est\u00e1n siendo convocados a seleccionar el candidato que presentar\u00e1 la corriente Dignidad  Gremial  Econ\u00f3mica a  las elecciones del Colegio Dominicano de Economistas, programadas para el pr\u00f3ximo junio.<\/p>\n<\/p>\n<p>La Secretar\u00eda de Asuntos Gremiales y Profesionales design\u00f3 el pasado lunes en su reuni\u00f3n ordinaria la Comisi\u00f3n Electoral que organizar\u00e1 el proceso eleccionario interno que escoger\u00e1 los candidatos para optar por la presidencia del CODECO.<\/p>\n<\/p>\n<p>Emilio Florentino, preside dicha comisi\u00f3n teniendo como miembros a Pedro Matos y Porfirio Acosta.<\/p>\n<\/p>\n<p>\u00abLas votaciones se realizar\u00e1n en la Casa Nacional del PLD a partir de las diez de la ma\u00f1ana hasta las seis de la tarde, hora de cierre\u00bb explic\u00f3 Bernardino Pichardo, actual Presidente del Colegio de Economista y de la corriente gremial de los economistas peledeistas<\/p>\n<\/p>\n<p>Dos planchas se inscribieron de inmediato en la reuni\u00f3n asamblea realizada en la Casa Nacional del PLD. Una de las planchas la encabeza Nicol\u00e1s Jim\u00e9nez y la segunda est\u00e1 encabezada por Alejandro de Jes\u00fas.<\/p>\n<\/p>\n<p>Para ejercer el derecho al voto se les exige  a los economistas estar en el padr\u00f3n de miembros del Partido de la Liberaci\u00f3n Dominicana.<\/p>\n<h6> 2018-03-20 13:41:06 <\/h6>\n<p><!--\n<link rel=\"stylesheet\" href=\"css\/bootstrap.min.css\">\n\n\n<ul class=\"pagination\">\n\t    \n\t\n\n<li >\n\t<a href='?page_no=6373'>Previous<\/a>\n\t<\/li>\n\n\n       \n    \n\n<li><a href='?page_no=1'>1<\/a><\/li>\n\n\n\n<li><a href='?page_no=2'>2<\/a><\/li>\n\n\n\n<li><a>...<\/a><\/li>\n\n\n\n<li><a href='?page_no=6372'>6372<\/a><\/li>\n\n\n\n<li><a href='?page_no=6373'>6373<\/a><\/li>\n\n\n\n<li class='active'><a>6374<\/a><\/li>\n\n\n\n<li><a href='?page_no=6375'>6375<\/a><\/li>\n\n\n\n<li><a href='?page_no=6376'>6376<\/a><\/li>\n\n\n\n<li><a>...<\/a><\/li>\n\n\n\n<li><a href='?page_no=36999'>36999<\/a><\/li>\n\n\n\n<li><a href='?page_no=37000'>37000<\/a><\/li>\n\n    \n\t\n\n<li >\n\t<a href='?page_no=6375'>Next<\/a>\n\t<\/li>\n\n\n    \n\n<li><a href='?page_no=37000'>Last &rsaquo;&rsaquo;<\/a><\/li>\n\n<\/ul>\n\n\n--><br \/>\n<\/body><\/p>\n","protected":false},"excerpt":{"rendered":"<p>Los economistas, miembros del Partido de la Liberaci\u00f3n Dominicana (PLD) est\u00e1n siendo convocados a seleccionar el candidato que presentar\u00e1 la corriente Dignidad Gremial Econ\u00f3mica a las elecciones del Colegio Dominicano de Economistas, programadas para el pr\u00f3ximo junio. La Secretar\u00eda de Asuntos Gremiales y Profesionales design\u00f3 el pasado lunes en su reuni\u00f3n ordinaria la Comisi\u00f3n Electoral [&hellip;]<\/p>\n","protected":false},"author":3,"featured_media":0,"comment_status":"open","ping_status":"open","sticky":false,"template":"","format":"standard","meta":{"footnotes":""},"categories":[22],"tags":[],"class_list":["post-171027","post","type-post","status-publish","format-standard","hentry","category-politica"],"_links":{"self":[{"href":"https:\/\/diariodominicano.com\/index.php?rest_route=\/wp\/v2\/posts\/171027","targetHints":{"allow":["GET"]}}],"collection":[{"href":"https:\/\/diariodominicano.com\/index.php?rest_route=\/wp\/v2\/posts"}],"about":[{"href":"https:\/\/diariodominicano.com\/index.php?rest_route=\/wp\/v2\/types\/post"}],"author":[{"embeddable":true,"href":"https:\/\/diariodominicano.com\/index.php?rest_route=\/wp\/v2\/users\/3"}],"replies":[{"embeddable":true,"href":"https:\/\/diariodominicano.com\/index.php?rest_route=%2Fwp%2Fv2%2Fcomments&post=171027"}],"version-history":[{"count":0,"href":"https:\/\/diariodominicano.com\/index.php?rest_route=\/wp\/v2\/posts\/171027\/revisions"}],"wp:attachment":[{"href":"https:\/\/diariodominicano.com\/index.php?rest_route=%2Fwp%2Fv2%2Fmedia&parent=171027"}],"wp:term":[{"taxonomy":"category","embeddable":true,"href":"https:\/\/diariodominicano.com\/index.php?rest_route=%2Fwp%2Fv2%2Fcategories&post=171027"},{"taxonomy":"post_tag","embeddable":true,"href":"https:\/\/diariodominicano.com\/index.php?rest_route=%2Fwp%2Fv2%2Ftags&post=171027"}],"curies":[{"name":"wp","href":"https:\/\/api.w.org\/{rel}","templated":true}]}}