{"id":171025,"date":"2018-03-21T12:25:10","date_gmt":"2018-03-21T12:25:10","guid":{"rendered":"http:\/\/diariodominicano.ddns.net\/?p=171025"},"modified":"2018-03-21T12:25:10","modified_gmt":"2018-03-21T12:25:10","slug":"leonel-fernandez-dicta-conferencia-magistral-en-universidad-de-la-habana","status":"publish","type":"post","link":"https:\/\/diariodominicano.com\/?p=171025","title":{"rendered":"Leonel Fern\u00e1ndez dicta conferencia magistral en Universidad de La Habana&#13;"},"content":{"rendered":"<p><body><\/p>\n<p><img decoding=\"async\" src=\"img3\/leonel en cuba001.jpg\" \/><br \/><img decoding=\"async\" src=\"img3\/leonel cuba002.jpg\" \/><br \/><img decoding=\"async\" src=\"img3\/leonel cuba03.jpg\" \/>  <\/p>\n<p><strong><span class=\"text1noticias\">LA HABANA,  Cuba, 21 de marzo, 2018.-<\/span><\/strong><span class=\"text1noticias\"> El expresidente de la Rep\u00fablica, doctor Leonel Fern\u00e1ndez, quien adem\u00e1s es presidente del Partido de la Liberaci\u00f3n Dominicana (PLD) y de la Fundaci\u00f3n Global Democracia y Desarrollo (Funglode), dict\u00f3 aqu\u00ed una conferencia magistral para dejar aperturado el XIII Encuentro Internacional de Estudios Pol\u00edticos y Sociales que se celebra en la Universidad de La Habana. <\/span><\/p>\n<\/p>\n<p><span class=\"text1noticias\">En su disertaci\u00f3n, titulada \u00abUn mundo en transformaci\u00f3n: tendencias globales en una \u00e9poca de cambios\u00bb, el tambi\u00e9n presidente de la Fundaci\u00f3n EU-LAC, se refiri\u00f3 al retroceso que ha experimentado el proceso de acercamiento entre Estados Unidos y Cuba, por lo cual se pregunt\u00f3 si ese hecho constituye un resurgimiento de la \u00abguerra fr\u00eda\u00bb que prim\u00f3 desde la Segunda Guerra Mundial hasta la ca\u00edda del Bloque Socialista que durante varias d\u00e9cadas lider\u00f3 Rusia.<\/span><\/p>\n<\/p>\n<p><span class=\"text1noticias\">El ex gobernante dominicano record\u00f3 que al t\u00e9rmino de su segundo mandato, el anterior presidente estadounidense, Barack Obama, impuls\u00f3 un proceso de acercamiento entre su pa\u00eds y Cuba, con el que comenz\u00f3 a poner fin a 54 a\u00f1os de hostilidades entre las dos naciones vecinas. <\/span><\/p>\n<\/p>\n<p><span class=\"text1noticias\">Explic\u00f3 que como resultado de ese proceso de di\u00e1logo,  Estados Unidos elimin\u00f3 a Cuba de la lista negra de pa\u00edses promotores del terrorismo, se reactivaron las relaciones diplom\u00e1ticas y se  intensificaron las actividades comerciales y tur\u00edsticas.<\/span><\/p>\n<\/p>\n<p><span class=\"text1noticias\">En contraposici\u00f3n con lo ocurrido al t\u00e9rmino de la administraci\u00f3n Obama, la actual administraci\u00f3n de Estados Unidos, encabezada por Donald Trump, ha propiciado una reducci\u00f3n del personal diplom\u00e1tico en Cuba, la restricci\u00f3n de viajes y env\u00edo de remesas, limitaci\u00f3n de intercambios comerciales e inversiones y un enfriamiento de las relaciones bilaterales en sentido general.<\/span><\/p>\n<\/p>\n<p><strong><span class=\"text1noticias\">En su ponencia, en la que pas\u00f3 revista a los distintos procesos pol\u00edticos, econ\u00f3micos y sociales que ha experimentado el mundo en las \u00faltimas d\u00e9cadas y a las relaciones entre Estados Unidos y Am\u00e9rica Latina en particular, el ex presidente Fern\u00e1ndez reiter\u00f3 su reclamo de que se instaure un orden mundial que est\u00e9 en consonancia con las actuales tendencias y con las principales necesidades y aspiraciones de los habitantes del planeta. <\/span><\/strong><\/p>\n<p><strong> <\/strong><\/p>\n<p><span class=\"text1noticias\">Al abundar en ese aspecto, el l\u00edder caribe\u00f1o opin\u00f3 que la nueva gobernanza que propone debe implicar el fortalecimiento de las Naciones Unidas y de los organismos regionales de seguridad y defensa, prevenci\u00f3n de conflictos, resoluci\u00f3n pac\u00edfica de controversias y protecci\u00f3n de los derechos humanos, as\u00ed como apoyo a los Objetivos de Desarrollo Sostenible, reforma del Consejo de Seguridad de la ONU y reforzamiento del Consejo Econ\u00f3mico y Social del organismo mundial.<\/span><\/p>\n<\/p>\n<p><span class=\"text1noticias\">Adem\u00e1s, incluir\u00eda la reforma de la Organizaci\u00f3n Mundial del Comercio, finalizaci\u00f3n de la Ronda Doha para el Desarrollo, reforma del Fondo Monetario Internacional, lo mismo que del Banco Mundial, as\u00ed como una nueva arquitectura financiera global, el fomento de la cooperaci\u00f3n Norte-Sur y Sur-Sur, el freno de la carrera armamentista y la promoci\u00f3n del desarme nuclear.<\/span><\/p>\n<\/p>\n<p><span class=\"text1noticias\">A la conferencia de Fern\u00e1ndez asistieron el embajador dominicano en Cuba, Joaqu\u00edn Ger\u00f3nimo y el empresario dominicano Guillermo Senci\u00f3n. Adem\u00e1s, participaron autoridades universitarias, funcionarios cubanos, diplom\u00e1ticos acreditados en este pa\u00eds, profesores,  investigadores, soci\u00f3logos, abogados, fil\u00f3sofos y estudiantes de diferentes ramas del saber. <\/span><\/p>\n<\/p>\n<p><strong><span class=\"text1noticias\">El XIII Encuentro Internacional de Estudios Pol\u00edticos y Sociales, en el que participan representantes de 17 pa\u00edses,  fue organizado por la Asociaci\u00f3n de Historiadores Latinoamericanos y del Caribe y la Facultad de Filosof\u00eda, Historia y Sociolog\u00eda de la Universidad de La Habana, con el objetivo de fortalecer los v\u00ednculos acad\u00e9micos, profesionales, de solidaridad y amistad. La cita inici\u00f3 este martes y concluye el pr\u00f3ximo viernes. <\/span><\/strong><\/p>\n<p><strong> <\/strong><\/p>\n<\/p>\n<\/p>\n<\/p>\n<h6> 2018-03-21 12:25:10 <\/h6>\n<p><!--\n<link rel=\"stylesheet\" href=\"css\/bootstrap.min.css\">\n\n\n<ul class=\"pagination\">\n\t    \n\t\n\n<li >\n\t<a href='?page_no=6371'>Previous<\/a>\n\t<\/li>\n\n\n       \n    \n\n<li><a href='?page_no=1'>1<\/a><\/li>\n\n\n\n<li><a href='?page_no=2'>2<\/a><\/li>\n\n\n\n<li><a>...<\/a><\/li>\n\n\n\n<li><a href='?page_no=6370'>6370<\/a><\/li>\n\n\n\n<li><a href='?page_no=6371'>6371<\/a><\/li>\n\n\n\n<li class='active'><a>6372<\/a><\/li>\n\n\n\n<li><a href='?page_no=6373'>6373<\/a><\/li>\n\n\n\n<li><a href='?page_no=6374'>6374<\/a><\/li>\n\n\n\n<li><a>...<\/a><\/li>\n\n\n\n<li><a href='?page_no=36999'>36999<\/a><\/li>\n\n\n\n<li><a href='?page_no=37000'>37000<\/a><\/li>\n\n    \n\t\n\n<li >\n\t<a href='?page_no=6373'>Next<\/a>\n\t<\/li>\n\n\n    \n\n<li><a href='?page_no=37000'>Last &rsaquo;&rsaquo;<\/a><\/li>\n\n<\/ul>\n\n\n--><br \/>\n<\/body><\/p>\n","protected":false},"excerpt":{"rendered":"<p>LA HABANA, Cuba, 21 de marzo, 2018.- El expresidente de la Rep\u00fablica, doctor Leonel Fern\u00e1ndez, quien adem\u00e1s es presidente del Partido de la Liberaci\u00f3n Dominicana (PLD) y de la Fundaci\u00f3n Global Democracia y Desarrollo (Funglode), dict\u00f3 aqu\u00ed una conferencia magistral para dejar aperturado el XIII Encuentro Internacional de Estudios Pol\u00edticos y Sociales que se celebra [&hellip;]<\/p>\n","protected":false},"author":3,"featured_media":0,"comment_status":"open","ping_status":"open","sticky":false,"template":"","format":"standard","meta":{"footnotes":""},"categories":[22],"tags":[],"class_list":["post-171025","post","type-post","status-publish","format-standard","hentry","category-politica"],"_links":{"self":[{"href":"https:\/\/diariodominicano.com\/index.php?rest_route=\/wp\/v2\/posts\/171025","targetHints":{"allow":["GET"]}}],"collection":[{"href":"https:\/\/diariodominicano.com\/index.php?rest_route=\/wp\/v2\/posts"}],"about":[{"href":"https:\/\/diariodominicano.com\/index.php?rest_route=\/wp\/v2\/types\/post"}],"author":[{"embeddable":true,"href":"https:\/\/diariodominicano.com\/index.php?rest_route=\/wp\/v2\/users\/3"}],"replies":[{"embeddable":true,"href":"https:\/\/diariodominicano.com\/index.php?rest_route=%2Fwp%2Fv2%2Fcomments&post=171025"}],"version-history":[{"count":0,"href":"https:\/\/diariodominicano.com\/index.php?rest_route=\/wp\/v2\/posts\/171025\/revisions"}],"wp:attachment":[{"href":"https:\/\/diariodominicano.com\/index.php?rest_route=%2Fwp%2Fv2%2Fmedia&parent=171025"}],"wp:term":[{"taxonomy":"category","embeddable":true,"href":"https:\/\/diariodominicano.com\/index.php?rest_route=%2Fwp%2Fv2%2Fcategories&post=171025"},{"taxonomy":"post_tag","embeddable":true,"href":"https:\/\/diariodominicano.com\/index.php?rest_route=%2Fwp%2Fv2%2Ftags&post=171025"}],"curies":[{"name":"wp","href":"https:\/\/api.w.org\/{rel}","templated":true}]}}