{"id":171024,"date":"2018-03-21T15:55:21","date_gmt":"2018-03-21T15:55:21","guid":{"rendered":"http:\/\/diariodominicano.ddns.net\/?p=171024"},"modified":"2018-03-21T15:55:21","modified_gmt":"2018-03-21T15:55:21","slug":"dimite-presidente-peruano-pedro-pablo-kuczynski","status":"publish","type":"post","link":"https:\/\/diariodominicano.com\/?p=171024","title":{"rendered":"Dimite presidente peruano Pedro Pablo Kuczynski"},"content":{"rendered":"<p><body><\/p>\n<p><img decoding=\"async\" src=\"img3\/peru-ppk-preocupado.jpg\" \/>  <\/p>\n<\/p>\n<p>Lima, 21 mar (PL) El presidente del Per\u00fa, Pedro Pablo Kuczynski, dimiti\u00f3 hoy tras una sesi\u00f3n del Consejo de Ministros para ponerle fin as\u00ed a una gesti\u00f3n de apenas un a\u00f1o y siete meses, informaron medios nacionales.<\/p>\n<\/p>\n<p>Kuczynski, cuya destituci\u00f3n era inminente, tiene previsto dar en los pr\u00f3ximos minutos un mensaje a la Naci\u00f3n para presuntamente confirmar su decisi\u00f3n.<\/p>\n<\/p>\n<p>&#8216;Tras crisis pol\u00edtica y en medio de revelaciones de videos, el mandatario renunci\u00f3 a la presidencia, seg\u00fan fuentes allegadas&#8217;, reporta el diario Gesti\u00f3n para a\u00f1adir que una misiva con su renuncia ser\u00e1 enviada al Congreso que la aceptar\u00e1 este jueves <\/p>\n<\/p>\n<p>El rotativo La Rep\u00fablica, por su parte, menciona la m\u00e1xima tensi\u00f3n del clima pol\u00edtico de las \u00faltimas horas, tras la publicaci\u00f3n el martes de algunos videos comprometedores en los que se ve\u00eda a pol\u00edticos y congresistas favorables al mandatario intentando supuestamente comprar votos de legisladores opositores para evitar la destituci\u00f3n del jefe de Estado.<\/p>\n<\/p>\n<p>Seg\u00fan el sitio digital Sputnik, Kuczynski deb\u00eda afrontar este jueves un pedido de destituci\u00f3n en el Congreso, por su presunta implicaci\u00f3n en sobornos del emporio empresarial brasile\u00f1o Odebrecht.<\/p>\n<h6> 2018-03-21 15:55:21 <\/h6>\n<p><!--\n<link rel=\"stylesheet\" href=\"css\/bootstrap.min.css\">\n\n\n<ul class=\"pagination\">\n\t    \n\t\n\n<li >\n\t<a href='?page_no=6370'>Previous<\/a>\n\t<\/li>\n\n\n       \n    \n\n<li><a href='?page_no=1'>1<\/a><\/li>\n\n\n\n<li><a href='?page_no=2'>2<\/a><\/li>\n\n\n\n<li><a>...<\/a><\/li>\n\n\n\n<li><a href='?page_no=6369'>6369<\/a><\/li>\n\n\n\n<li><a href='?page_no=6370'>6370<\/a><\/li>\n\n\n\n<li class='active'><a>6371<\/a><\/li>\n\n\n\n<li><a href='?page_no=6372'>6372<\/a><\/li>\n\n\n\n<li><a href='?page_no=6373'>6373<\/a><\/li>\n\n\n\n<li><a>...<\/a><\/li>\n\n\n\n<li><a href='?page_no=36999'>36999<\/a><\/li>\n\n\n\n<li><a href='?page_no=37000'>37000<\/a><\/li>\n\n    \n\t\n\n<li >\n\t<a href='?page_no=6372'>Next<\/a>\n\t<\/li>\n\n\n    \n\n<li><a href='?page_no=37000'>Last &rsaquo;&rsaquo;<\/a><\/li>\n\n<\/ul>\n\n\n--><br \/>\n<\/body><\/p>\n","protected":false},"excerpt":{"rendered":"<p>Lima, 21 mar (PL) El presidente del Per\u00fa, Pedro Pablo Kuczynski, dimiti\u00f3 hoy tras una sesi\u00f3n del Consejo de Ministros para ponerle fin as\u00ed a una gesti\u00f3n de apenas un a\u00f1o y siete meses, informaron medios nacionales. Kuczynski, cuya destituci\u00f3n era inminente, tiene previsto dar en los pr\u00f3ximos minutos un mensaje a la Naci\u00f3n para [&hellip;]<\/p>\n","protected":false},"author":3,"featured_media":0,"comment_status":"open","ping_status":"open","sticky":false,"template":"","format":"standard","meta":{"footnotes":""},"categories":[22],"tags":[],"class_list":["post-171024","post","type-post","status-publish","format-standard","hentry","category-politica"],"_links":{"self":[{"href":"https:\/\/diariodominicano.com\/index.php?rest_route=\/wp\/v2\/posts\/171024","targetHints":{"allow":["GET"]}}],"collection":[{"href":"https:\/\/diariodominicano.com\/index.php?rest_route=\/wp\/v2\/posts"}],"about":[{"href":"https:\/\/diariodominicano.com\/index.php?rest_route=\/wp\/v2\/types\/post"}],"author":[{"embeddable":true,"href":"https:\/\/diariodominicano.com\/index.php?rest_route=\/wp\/v2\/users\/3"}],"replies":[{"embeddable":true,"href":"https:\/\/diariodominicano.com\/index.php?rest_route=%2Fwp%2Fv2%2Fcomments&post=171024"}],"version-history":[{"count":0,"href":"https:\/\/diariodominicano.com\/index.php?rest_route=\/wp\/v2\/posts\/171024\/revisions"}],"wp:attachment":[{"href":"https:\/\/diariodominicano.com\/index.php?rest_route=%2Fwp%2Fv2%2Fmedia&parent=171024"}],"wp:term":[{"taxonomy":"category","embeddable":true,"href":"https:\/\/diariodominicano.com\/index.php?rest_route=%2Fwp%2Fv2%2Fcategories&post=171024"},{"taxonomy":"post_tag","embeddable":true,"href":"https:\/\/diariodominicano.com\/index.php?rest_route=%2Fwp%2Fv2%2Ftags&post=171024"}],"curies":[{"name":"wp","href":"https:\/\/api.w.org\/{rel}","templated":true}]}}