{"id":171023,"date":"2018-03-21T20:37:18","date_gmt":"2018-03-21T20:37:18","guid":{"rendered":"http:\/\/diariodominicano.ddns.net\/?p=171023"},"modified":"2018-03-21T20:37:18","modified_gmt":"2018-03-21T20:37:18","slug":"prm-fija-para-el-8-de-abril-las-votaciones-en-donde-fueron-suspendidas-el-domingo","status":"publish","type":"post","link":"https:\/\/diariodominicano.com\/?p=171023","title":{"rendered":"PRM fija para el 8 de abril las votaciones en donde fueron suspendidas el domingo"},"content":{"rendered":"<p><body><\/p>\n<p><img decoding=\"async\" src=\"img3\/IMG_20180321_115043.jpg\" \/><br \/><img decoding=\"async\" src=\"img3\/BOLETIN 5.jpg\" \/><br \/><img decoding=\"async\" src=\"img3\/IMG_20180321_115421.jpg\" \/>  <\/p>\n<\/p>\n<p><strong><span class=\"text1noticias\">SANTO DOMINGO, RD, 21 de marzo de 2018.-<\/span><\/strong><span class=\"text1noticias\"> La Comisi\u00f3n Nacional Organizadora de la Convenci\u00f3n del Partido Revolucionario Moderno (PRM) anunci\u00f3 para el pr\u00f3ximo 8 abril la celebraci\u00f3n de las elecciones en los lugares que no pudieron efectuarlas el pasado domingo 18 de marzo.<\/span><\/p>\n<\/p>\n<p><strong><span class=\"text1noticias\">En rueda de prensa, celebrada en la casa nacional del PRM, el doctor Jos\u00e9 Garc\u00eda Ram\u00edrez, vicepresidente de la CNO, tambi\u00e9n dio a conocer el bolet\u00edn n\u00famero 5, para los cargos de Presidente y Secretario General, los cuales asignan un 76.60% a Jos\u00e9 Ignacio Paliza y un 69.38% a Carolina Mej\u00eda, con 52.24% de los emitidos computados.<\/span><\/strong><\/p>\n<\/p>\n<p><span class=\"text1noticias\">Los  c\u00f3mputos asignan, adem\u00e1s, 12.27% a Geanilda V\u00e1squez y 11.12% a Jes\u00fas Feris Iglesias, para la presidencia del PRM.<\/span><\/p>\n<\/p>\n<p><span class=\"text1noticias\">Para la Secretar\u00eda General, Jes\u00fas V\u00e1squez lleva un 23.23\/%, Leonardo Fa\u00f1a, 4.64%, Andr\u00e9s Lugo 1.73%, Aneudys de Le\u00f3n, 0.99%, con el 50.67% de los votos emitidos computados.<\/span><\/p>\n<\/p>\n<p><span class=\"text1noticias\">Dijo que las Comisiones Locales Organizadoras de la Convenci\u00f3n (CLOs tiene hasta el jueves para entregar todos los materiales que deben traer a la CNO, por lo que les hizo un llamado a que hagan efectiva la entrega de los mismo a mas tardar en dicha fecha. <\/span><\/p>\n<\/p>\n<p><span class=\"text1noticias\">Garc\u00eda Ram\u00edrez, ley\u00f3 la resoluci\u00f3n 63, que fija la fecha del 8 de abril, la continuidad de la convenci\u00f3n para aquellos municipios, distritos municipales, zonas y seccionales donde fueron suspendidas las votaciones el pasado 18 de marzo, con lo que completar\u00e1n la totalidad de territorios que no convencionaron y que estatutariamente tienen los derechos de elegir y ser elegidos a las autoridades partidarias para el periodo 2018-2022.<\/span><\/p>\n<\/p>\n<p><span class=\"text1noticias\">Los lugares donde se votar\u00e1 el 8 de abril son: <strong> Nueva York y Pensilvannia de la Seccional de Nueva York.<\/strong><\/span><\/p>\n<p><span class=\"text1noticias\"><strong>El municipio de Guerra de la Provincia Santo Domingo.<\/strong><\/span><\/p>\n<p><span class=\"text1noticias\"><strong>Municipios Quisqueya y Consuelo de la provincia San Pedro Macor\u00eds.<\/strong><\/span><\/p>\n<p><span class=\"text1noticias\"><strong> Municipios Ocoa, Rancho Arriba y sabana Larga en provincia San Jos\u00e9 de Ocoa.<\/strong><\/span><\/p>\n<\/p>\n<p><span class=\"text1noticias\">En la provincia de San Juan de la Maguana: Los municipios de San Juan, Juan de Herrera, Las Matas de Farf\u00e1n, El Cercado, Vallejuelo y Bohechio.<\/span><\/p>\n<\/p>\n<p><span class=\"text1noticias\">En la Provincia El\u00edas Pi\u00f1a: Los municipios de B\u00e1nica y Hondo Valle. En Santiago de los Caballeros: municipios Santiago, J\u00e1nico, Sabana Iglesia, San Jos\u00e9 de las Matas y Villa Gonz\u00e1lez.<\/span><\/p>\n<\/p>\n<p><span class=\"text1noticias\">En la Provincia San Crist\u00f3bal; los municipios San Crist\u00f3bal, Los cacaos, Villa Altagracia y Yaguate. <\/span><\/p>\n<\/p>\n<p><span class=\"text1noticias\">Provincia Saman\u00e1: los municipios Santa B\u00e1rbara y Las Terrenas.<\/span><\/p>\n<\/p>\n<p><span class=\"text1noticias\">Provincia Espaillat; votar\u00e1n en los municipios Moca y Cayetano Germosen.<\/span><\/p>\n<\/p>\n<p><span class=\"text1noticias\">En La Romana; solo el municipio cabecera La Romana. B\u00e1sica<\/span><\/p>\n<\/p>\n<p><span class=\"text1noticias\">En la provincia la Vega, se votar\u00e1 en el municipio Jima Abajo.<\/span><\/p>\n<\/p>\n<p><span class=\"text1noticias\">Provincia Montecristi, votar\u00e1n en los municipios San Fernando y Guayubin.<\/span><\/p>\n<\/p>\n<p><span class=\"text1noticias\">En la Provincia Barahona se votar\u00e1 en los municipios: Barahona, Cabral, Salinas y La Ci\u00e9naga.<\/span><\/p>\n<\/p>\n<p><strong><span class=\"text1noticias\">Adem\u00e1s de Oviedo en Pedernales.<\/span><\/strong><\/p>\n<\/p>\n<p><span class=\"text1noticias\">Garc\u00eda Ram\u00edrez en funci\u00f3n de vocero por la ausencia del pa\u00eds, del presidente de la Comisi\u00f3n, Tony Raful, quien se cumple compromisos internacionales, en su condici\u00f3n de Presidente del Parlamento Centroamericano, Parlacen, y estuvo en compa\u00f1\u00eda de los dem\u00e1s miembros de la CON, Luis Valdez, Jos\u00e9 Delio Ares, Deligne Ascensi\u00f3n, Salvador Ramos y F\u00e9lix Aracena.<\/span><\/p>\n<\/p>\n<\/p>\n<h6> 2018-03-21 20:37:18 <\/h6>\n<p><!--\n<link rel=\"stylesheet\" href=\"css\/bootstrap.min.css\">\n\n\n<ul class=\"pagination\">\n\t    \n\t\n\n<li >\n\t<a href='?page_no=6369'>Previous<\/a>\n\t<\/li>\n\n\n       \n    \n\n<li><a href='?page_no=1'>1<\/a><\/li>\n\n\n\n<li><a href='?page_no=2'>2<\/a><\/li>\n\n\n\n<li><a>...<\/a><\/li>\n\n\n\n<li><a href='?page_no=6368'>6368<\/a><\/li>\n\n\n\n<li><a href='?page_no=6369'>6369<\/a><\/li>\n\n\n\n<li class='active'><a>6370<\/a><\/li>\n\n\n\n<li><a href='?page_no=6371'>6371<\/a><\/li>\n\n\n\n<li><a href='?page_no=6372'>6372<\/a><\/li>\n\n\n\n<li><a>...<\/a><\/li>\n\n\n\n<li><a href='?page_no=36999'>36999<\/a><\/li>\n\n\n\n<li><a href='?page_no=37000'>37000<\/a><\/li>\n\n    \n\t\n\n<li >\n\t<a href='?page_no=6371'>Next<\/a>\n\t<\/li>\n\n\n    \n\n<li><a href='?page_no=37000'>Last &rsaquo;&rsaquo;<\/a><\/li>\n\n<\/ul>\n\n\n--><br \/>\n<\/body><\/p>\n","protected":false},"excerpt":{"rendered":"<p>SANTO DOMINGO, RD, 21 de marzo de 2018.- La Comisi\u00f3n Nacional Organizadora de la Convenci\u00f3n del Partido Revolucionario Moderno (PRM) anunci\u00f3 para el pr\u00f3ximo 8 abril la celebraci\u00f3n de las elecciones en los lugares que no pudieron efectuarlas el pasado domingo 18 de marzo. En rueda de prensa, celebrada en la casa nacional del PRM, [&hellip;]<\/p>\n","protected":false},"author":3,"featured_media":0,"comment_status":"open","ping_status":"open","sticky":false,"template":"","format":"standard","meta":{"footnotes":""},"categories":[22],"tags":[],"class_list":["post-171023","post","type-post","status-publish","format-standard","hentry","category-politica"],"_links":{"self":[{"href":"https:\/\/diariodominicano.com\/index.php?rest_route=\/wp\/v2\/posts\/171023","targetHints":{"allow":["GET"]}}],"collection":[{"href":"https:\/\/diariodominicano.com\/index.php?rest_route=\/wp\/v2\/posts"}],"about":[{"href":"https:\/\/diariodominicano.com\/index.php?rest_route=\/wp\/v2\/types\/post"}],"author":[{"embeddable":true,"href":"https:\/\/diariodominicano.com\/index.php?rest_route=\/wp\/v2\/users\/3"}],"replies":[{"embeddable":true,"href":"https:\/\/diariodominicano.com\/index.php?rest_route=%2Fwp%2Fv2%2Fcomments&post=171023"}],"version-history":[{"count":0,"href":"https:\/\/diariodominicano.com\/index.php?rest_route=\/wp\/v2\/posts\/171023\/revisions"}],"wp:attachment":[{"href":"https:\/\/diariodominicano.com\/index.php?rest_route=%2Fwp%2Fv2%2Fmedia&parent=171023"}],"wp:term":[{"taxonomy":"category","embeddable":true,"href":"https:\/\/diariodominicano.com\/index.php?rest_route=%2Fwp%2Fv2%2Fcategories&post=171023"},{"taxonomy":"post_tag","embeddable":true,"href":"https:\/\/diariodominicano.com\/index.php?rest_route=%2Fwp%2Fv2%2Ftags&post=171023"}],"curies":[{"name":"wp","href":"https:\/\/api.w.org\/{rel}","templated":true}]}}