{"id":171021,"date":"2018-03-21T20:50:10","date_gmt":"2018-03-21T20:50:10","guid":{"rendered":"http:\/\/diariodominicano.ddns.net\/?p=171021"},"modified":"2018-03-21T20:50:10","modified_gmt":"2018-03-21T20:50:10","slug":"reinaldo-pared-perez-en-la-actividad-politica-ha-sido-de-provecho-combinar-juventud-con-experiencia","status":"publish","type":"post","link":"https:\/\/diariodominicano.com\/?p=171021","title":{"rendered":"Reinaldo Pared P\u00e9rez: en la actividad pol\u00edtica ha sido de provecho combinar juventud con experiencia"},"content":{"rendered":"<p><body><\/p>\n<p><img decoding=\"async\" src=\"img3\/rpp21MARZO18.jpg\" \/>  <\/p>\n<p><strong><span class=\"text1noticias\">SANTO DOMINGO, RD, 21 de marzo de 2018.-<\/span><\/strong><span class=\"text1noticias\"> Reinaldo Pared P\u00e9rez , secretario general del Partido de la Liberaci\u00f3n Dominicana (PLD), se manifest\u00f3 identificado con las acciones y movimientos a lo interno de su Partido que reflejen transformaci\u00f3n y cambios, y explic\u00f3  que en todas las actividades ha sido siempre de provecho la combinaci\u00f3n de la juventud con la experiencia.<\/span><\/p>\n<\/p>\n<p><span class=\"text1noticias\"> <\/span><\/p>\n<\/p>\n<p><span class=\"text1noticias\">Respondi\u00f3 as\u00ed interrogantes de los periodistas que le abordaron al concluir la sesi\u00f3n del Senado de la Republica de este mi\u00e9rcoles. Record\u00f3 que  se debe observar siempre los mecanismos institucionales de cada partido pol\u00edtico.<\/span><\/p>\n<\/p>\n<p><span class=\"text1noticias\"> <\/span><\/p>\n<\/p>\n<p><span class=\"text1noticias\">\u00abEn el caso del Partido de la Liberaci\u00f3n Dominicana tenemos que esperar el a\u00f1o 2020, tal y como se tiene previsto, a menos que un Congreso Extraordinario decida lo contrario, para lo cual se debe tambi\u00e9n respetar los mecanismos institucionales\u00bb.<\/span><\/p>\n<\/p>\n<p><span class=\"text1noticias\"> <\/span><\/p>\n<\/p>\n<p><span class=\"text1noticias\">Con el tema de los alegados  rechazos al reajuste general de los salarios en la C\u00e1marra de Cuentas que incluye a su personal y a los miembros de su pleno, dijo que en la sesi\u00f3n de este d\u00eda  del Senado se dio lectura a una misiva enviada   por el presidente del organismo fiscalizador.<\/span><\/p>\n<\/p>\n<p><span class=\"text1noticias\"> <\/span><\/p>\n<p><span class=\"text1noticias\">Inform\u00f3  que en la comunicaci\u00f3n Hugo \u00c1lvarez P\u00e9rez  dijo que el aumento realizado es legal y que se ampara en la resoluci\u00f3n del pleno anterior  que aprueba una pol\u00edtica salarial para el personal.<\/span><\/p>\n<\/p>\n<p><span class=\"text1noticias\"> <\/span><\/p>\n<\/p>\n<p><span class=\"text1noticias\">\u00abEl Senado sabr\u00e1 pronunciarse sobre el particular\u00bb dijo Pared P\u00e9rez con relaci\u00f3n a la carta enviada a la presidencia de la C\u00e1mara Alta, que su partido rese\u00f1\u00f3 en un despacho de la Secretar\u00eda de Comunicaciones<\/span><\/p>\n<\/p>\n<p><span class=\"text1noticias\"> <\/span><\/p>\n<\/p>\n<p><span class=\"text1noticias\">En ese sentido hizo cita del articulo 140 de la Constituci\u00f3n de la Republica en el que establece que las instituciones publicas o aut\u00f3nomas que manejen fondos est\u00e1n solo autorizadas a ordenar incrementos en la remuneraci\u00f3n  o beneficios a sus incumbentes o  directivos para un periodo posterior al que fueron electos.  <\/span><\/p>\n<\/p>\n<p><span class=\"text1noticias\"> <\/span><\/p>\n<\/p>\n<p><span class=\"text1noticias\">Explic\u00f3  que al Senado no  ha llegado solicitud alguna para que los miembros de la C\u00e1mara de Cuentas sean requeridos, que si eso se  llegara formalizar,  el pleno adoptar una decisi\u00f3n al respecto.<\/span><\/p>\n<\/p>\n<p><span class=\"text1noticias\"> <\/span><\/p>\n<\/p>\n<p><span class=\"text1noticias\">\u00abNo podemos referirnos a una acci\u00f3n que no se ha formalizado\u00bb respondi\u00f3 el Presidente del Senado a los representantes de los medios de comunicaci\u00f3n que cubren el Congreso de la Republica, a quienes explic\u00f3 que la figura de juicio pol\u00edtico se inicia por la C\u00e1mara de Diputados.<\/span><\/p>\n<\/p>\n<p><span class=\"text1noticias\"> <\/span><\/p>\n<\/p>\n<p><span class=\"text1noticias\">Explic\u00f3 Pared P\u00e9rez que no se tiene un mecanismo expreso ante quien tiene que rendir cuentas los miembros de la C\u00e1mara de Cuentas, pero como es el Senado quien los selecciona , basado en las ternas que le presenta la C\u00e1mara de Diputados , por lo menos deben informar sobre el tipo de decisiones que adopten.<\/span><\/p>\n<\/p>\n<p><span class=\"text1noticias\"> <\/span><\/p>\n<\/p>\n<p><span class=\"text1noticias\">El punto relativo a los linchamientos de personas que han delinquido  o la ejecuci\u00f3n de un sospechoso o reo por las comunidades sin un proceso legal previo, lament\u00f3 esos hechos; lo considera como un acto de desesperaci\u00f3n de las comunidades, que no se justifican.<\/span><\/p>\n<\/p>\n<p><span class=\"text1noticias\"> <\/span><\/p>\n<\/p>\n<p><span class=\"text1noticias\">\u00abMuchas veces las comunidades son llevadas a esos extremos, que no los justifico, por los actos de delincuencia, que han crecido de manera exorbitantes\u00bb dijo el Presidente del Senado reiterando que son m\u00faltiples las causas de las actitudes que vienen adopt\u00e1ndose en las comunidades.<\/span><\/p>\n<\/p>\n<\/p>\n<\/p>\n<\/p>\n<h6> 2018-03-21 20:50:10 <\/h6>\n<p><!--\n<link rel=\"stylesheet\" href=\"css\/bootstrap.min.css\">\n\n\n<ul class=\"pagination\">\n\t    \n\t\n\n<li >\n\t<a href='?page_no=6368'>Previous<\/a>\n\t<\/li>\n\n\n       \n    \n\n<li><a href='?page_no=1'>1<\/a><\/li>\n\n\n\n<li><a href='?page_no=2'>2<\/a><\/li>\n\n\n\n<li><a>...<\/a><\/li>\n\n\n\n<li><a href='?page_no=6367'>6367<\/a><\/li>\n\n\n\n<li><a href='?page_no=6368'>6368<\/a><\/li>\n\n\n\n<li class='active'><a>6369<\/a><\/li>\n\n\n\n<li><a href='?page_no=6370'>6370<\/a><\/li>\n\n\n\n<li><a href='?page_no=6371'>6371<\/a><\/li>\n\n\n\n<li><a>...<\/a><\/li>\n\n\n\n<li><a href='?page_no=36999'>36999<\/a><\/li>\n\n\n\n<li><a href='?page_no=37000'>37000<\/a><\/li>\n\n    \n\t\n\n<li >\n\t<a href='?page_no=6370'>Next<\/a>\n\t<\/li>\n\n\n    \n\n<li><a href='?page_no=37000'>Last &rsaquo;&rsaquo;<\/a><\/li>\n\n<\/ul>\n\n\n--><br \/>\n<\/body><\/p>\n","protected":false},"excerpt":{"rendered":"<p>SANTO DOMINGO, RD, 21 de marzo de 2018.- Reinaldo Pared P\u00e9rez , secretario general del Partido de la Liberaci\u00f3n Dominicana (PLD), se manifest\u00f3 identificado con las acciones y movimientos a lo interno de su Partido que reflejen transformaci\u00f3n y cambios, y explic\u00f3 que en todas las actividades ha sido siempre de provecho la combinaci\u00f3n de [&hellip;]<\/p>\n","protected":false},"author":3,"featured_media":0,"comment_status":"open","ping_status":"open","sticky":false,"template":"","format":"standard","meta":{"footnotes":""},"categories":[22],"tags":[],"class_list":["post-171021","post","type-post","status-publish","format-standard","hentry","category-politica"],"_links":{"self":[{"href":"https:\/\/diariodominicano.com\/index.php?rest_route=\/wp\/v2\/posts\/171021","targetHints":{"allow":["GET"]}}],"collection":[{"href":"https:\/\/diariodominicano.com\/index.php?rest_route=\/wp\/v2\/posts"}],"about":[{"href":"https:\/\/diariodominicano.com\/index.php?rest_route=\/wp\/v2\/types\/post"}],"author":[{"embeddable":true,"href":"https:\/\/diariodominicano.com\/index.php?rest_route=\/wp\/v2\/users\/3"}],"replies":[{"embeddable":true,"href":"https:\/\/diariodominicano.com\/index.php?rest_route=%2Fwp%2Fv2%2Fcomments&post=171021"}],"version-history":[{"count":0,"href":"https:\/\/diariodominicano.com\/index.php?rest_route=\/wp\/v2\/posts\/171021\/revisions"}],"wp:attachment":[{"href":"https:\/\/diariodominicano.com\/index.php?rest_route=%2Fwp%2Fv2%2Fmedia&parent=171021"}],"wp:term":[{"taxonomy":"category","embeddable":true,"href":"https:\/\/diariodominicano.com\/index.php?rest_route=%2Fwp%2Fv2%2Fcategories&post=171021"},{"taxonomy":"post_tag","embeddable":true,"href":"https:\/\/diariodominicano.com\/index.php?rest_route=%2Fwp%2Fv2%2Ftags&post=171021"}],"curies":[{"name":"wp","href":"https:\/\/api.w.org\/{rel}","templated":true}]}}