{"id":171020,"date":"2018-03-22T08:56:45","date_gmt":"2018-03-22T08:56:45","guid":{"rendered":"http:\/\/diariodominicano.ddns.net\/?p=171020"},"modified":"2018-03-22T08:56:45","modified_gmt":"2018-03-22T08:56:45","slug":"latinoamerica-tiene-democracias-mediatizadas-asegura-rafael-correa","status":"publish","type":"post","link":"https:\/\/diariodominicano.com\/?p=171020","title":{"rendered":"Latinoam\u00e9rica tiene democracias mediatizadas, asegura Rafael Correa"},"content":{"rendered":"<p><body><\/p>\n<p><img decoding=\"async\" src=\"img3\/RafaelCorrea22.jpeg\" \/>  <\/p>\n<p><span class=\"text1noticias\">Montevideo, 22 mar (PL) El expresidente de Ecuador Rafael Correa asegur\u00f3 que en Latinoam\u00e9rica tiene democracias mediatizadas por los medios de comunicaci\u00f3n, los cuales son hoy m\u00e1s importantes que los partidos pol\u00edticos.<\/span><\/p>\n<p><span class=\"text1noticias\"> <\/span><\/p>\n<p><span class=\"text1noticias\">En entrevista que publica el peri\u00f3dico La Rep\u00fablica, el exgobernante reflexiona sobre la estrategia de la derecha en el empleo de la prensa para judicializar la pol\u00edtica en la persecuci\u00f3n de los l\u00edderes de izquierda, como est\u00e1 ocurriendo con los exmandatarios Lula, Cristina Kirchner y su caso en particular.<\/span><\/p>\n<p><span class=\"text1noticias\"> <\/span><\/p>\n<p><span class=\"text1noticias\">&#8216;El objetivo es primero meter preso a Correa, a Lula a Cristina, y despu\u00e9s vemos por qu\u00e9&#8217;, apunt\u00f3.<\/span><\/p>\n<p><span class=\"text1noticias\"> <\/span><\/p>\n<p><span class=\"text1noticias\">Correa no descart\u00f3 que detr\u00e1s de esa estrategia est\u00e9 la mano de Estados Unidos, &#8216;porque es la misma t\u00e9cnica a nivel regional&#8217;.<\/span><\/p>\n<p><span class=\"text1noticias\"> <\/span><\/p>\n<p><span class=\"text1noticias\">El exjefe de Estado manifest\u00f3 que no importan los votos de los ciudadanos ni las propuestas de campa\u00f1a, porque solo tiene valor lo que &#8216;aprueben o desaprueben los medios en sus titulares&#8217;.<\/span><\/p>\n<p><span class=\"text1noticias\"> <\/span><\/p>\n<p><span class=\"text1noticias\">Sobre su caso en particular se\u00f1al\u00f3 que nunca hubiera imaginado atacaran a su gobierno de corrupto y &#8216;se dude de mi honestidad&#8217;.<\/span><\/p>\n<p><span class=\"text1noticias\"> <\/span><\/p>\n<p><span class=\"text1noticias\">Si alguien demuestra que tom\u00e9 20 centavos que &#8216;no son m\u00edos me pego un tiro, porque habr\u00eda traicionado mi conciencia, mi patria y mi familia&#8217;, sostuvo.<\/span><\/p>\n<p><span class=\"text1noticias\"> <\/span><\/p>\n<p><span class=\"text1noticias\">De lo contrario, si alguien lanza calumnias que no puede demostrar entonces que se pegue el tiro \u00e9l, a\u00f1adi\u00f3.<\/span><\/p>\n<p><span class=\"text1noticias\"> <\/span><\/p>\n<p><span class=\"text1noticias\">Ya basta de utilizar la lucha anticorrupci\u00f3n como elemento de politiquer\u00eda, jugando con la reputaci\u00f3n de las personas, subray\u00f3.<\/span><\/p>\n<p><span class=\"text1noticias\"> <\/span><\/p>\n<p><span class=\"text1noticias\">Correa expres\u00f3 que quer\u00eda dedicarse a su familia y a la academia y &#8216;ahora debo estar respondiendo infamias&#8217;, y descart\u00f3 ser candidato a algo, pero &#8216;voy a tener que estar presente cuando no quer\u00eda&#8217;, apostill\u00f3.<\/span><\/p>\n<p><span class=\"text1noticias\"> <\/span><\/p>\n<p><span class=\"text1noticias\">Para el exgobernante si el poder medi\u00e1tico no tiene contrapoder lo que se est\u00e1 viviendo en Latinoam\u00e9rica no es democracia.<\/span><\/p>\n<p><span class=\"text1noticias\"> <\/span><\/p>\n<p><span class=\"text1noticias\">Indic\u00f3 que lo m\u00e1s grave es que las familias due\u00f1as de los medios de comunicaci\u00f3n solo cuidan sus intereses y no les interesa el bien com\u00fan y &#8216;nos han convencido que criticar sus negocios es atentar contra la libertad de expresi\u00f3n&#8217;.<\/span><\/p>\n<p><span class=\"text1noticias\"> <\/span><\/p>\n<p><span class=\"text1noticias\">En ese sentido, remarc\u00f3 que la nueva derecha que comienza a ganar terreno en la regi\u00f3n sostiene su estrategia en base a la &#8216;mala prensa&#8217;, la cual usa para denostar a la izquierda.<\/span><\/p>\n<p><span class=\"text1noticias\"> <\/span><\/p>\n<p><span class=\"text1noticias\">El expresidente se refiri\u00f3 a la hegemon\u00eda cultural del fil\u00f3sofo marxista Antonio Gramsci, en la que &#8216;las \u00e9lites sociales&#8217; utilizan los medios de comunicaci\u00f3n para convencer a las grandes mayor\u00edas de que representan sus intereses. Correa consider\u00f3, adem\u00e1s, que otro tema empleado por la derecha para atacar a la izquierda es el del supuesto fracaso econ\u00f3mico, en el que tambi\u00e9n utiliza a la mala prensa, y lo ejemplific\u00f3 con el tema de la inseguridad y el de la econom\u00eda.<\/span><\/p>\n<p><span class=\"text1noticias\"> <\/span><\/p>\n<p><span class=\"text1noticias\">&#8216;Todos los titulares, coment\u00f3, se refieren a Venezuela, pero nadie ve a M\u00e9xico&#8217;, al igual que para hablar de \u00e9xito econ\u00f3mico &#8216;ponen de ejemplo a Chile y no hablan de Uruguay, el pa\u00eds m\u00e1s desarrollado por debajo del r\u00edo Grande&#8217;.<\/span><\/p>\n<p><span class=\"text1noticias\"> <\/span><\/p>\n<p><span class=\"text1noticias\">Signific\u00f3 que una batalla que no puede perder un revolucionario &#8216;es la batalla moral&#8217;, la cual &#8216;tambi\u00e9n se ha logrado gracias a los medios&#8217;, que califican de corruptos a los dirigentes de izquierda. \u00bfY la derecha<\/span>?, se pregunt\u00f3.<\/p>\n<h6> 2018-03-22 08:56:45 <\/h6>\n<p><!--\n<link rel=\"stylesheet\" href=\"css\/bootstrap.min.css\">\n\n\n<ul class=\"pagination\">\n\t    \n\t\n\n<li >\n\t<a href='?page_no=6367'>Previous<\/a>\n\t<\/li>\n\n\n       \n    \n\n<li><a href='?page_no=1'>1<\/a><\/li>\n\n\n\n<li><a href='?page_no=2'>2<\/a><\/li>\n\n\n\n<li><a>...<\/a><\/li>\n\n\n\n<li><a href='?page_no=6366'>6366<\/a><\/li>\n\n\n\n<li><a href='?page_no=6367'>6367<\/a><\/li>\n\n\n\n<li class='active'><a>6368<\/a><\/li>\n\n\n\n<li><a href='?page_no=6369'>6369<\/a><\/li>\n\n\n\n<li><a href='?page_no=6370'>6370<\/a><\/li>\n\n\n\n<li><a>...<\/a><\/li>\n\n\n\n<li><a href='?page_no=36999'>36999<\/a><\/li>\n\n\n\n<li><a href='?page_no=37000'>37000<\/a><\/li>\n\n    \n\t\n\n<li >\n\t<a href='?page_no=6369'>Next<\/a>\n\t<\/li>\n\n\n    \n\n<li><a href='?page_no=37000'>Last &rsaquo;&rsaquo;<\/a><\/li>\n\n<\/ul>\n\n\n--><br \/>\n<\/body><\/p>\n","protected":false},"excerpt":{"rendered":"<p>Montevideo, 22 mar (PL) El expresidente de Ecuador Rafael Correa asegur\u00f3 que en Latinoam\u00e9rica tiene democracias mediatizadas por los medios de comunicaci\u00f3n, los cuales son hoy m\u00e1s importantes que los partidos pol\u00edticos. En entrevista que publica el peri\u00f3dico La Rep\u00fablica, el exgobernante reflexiona sobre la estrategia de la derecha en el empleo de la prensa [&hellip;]<\/p>\n","protected":false},"author":3,"featured_media":0,"comment_status":"open","ping_status":"open","sticky":false,"template":"","format":"standard","meta":{"footnotes":""},"categories":[22],"tags":[],"class_list":["post-171020","post","type-post","status-publish","format-standard","hentry","category-politica"],"_links":{"self":[{"href":"https:\/\/diariodominicano.com\/index.php?rest_route=\/wp\/v2\/posts\/171020","targetHints":{"allow":["GET"]}}],"collection":[{"href":"https:\/\/diariodominicano.com\/index.php?rest_route=\/wp\/v2\/posts"}],"about":[{"href":"https:\/\/diariodominicano.com\/index.php?rest_route=\/wp\/v2\/types\/post"}],"author":[{"embeddable":true,"href":"https:\/\/diariodominicano.com\/index.php?rest_route=\/wp\/v2\/users\/3"}],"replies":[{"embeddable":true,"href":"https:\/\/diariodominicano.com\/index.php?rest_route=%2Fwp%2Fv2%2Fcomments&post=171020"}],"version-history":[{"count":0,"href":"https:\/\/diariodominicano.com\/index.php?rest_route=\/wp\/v2\/posts\/171020\/revisions"}],"wp:attachment":[{"href":"https:\/\/diariodominicano.com\/index.php?rest_route=%2Fwp%2Fv2%2Fmedia&parent=171020"}],"wp:term":[{"taxonomy":"category","embeddable":true,"href":"https:\/\/diariodominicano.com\/index.php?rest_route=%2Fwp%2Fv2%2Fcategories&post=171020"},{"taxonomy":"post_tag","embeddable":true,"href":"https:\/\/diariodominicano.com\/index.php?rest_route=%2Fwp%2Fv2%2Ftags&post=171020"}],"curies":[{"name":"wp","href":"https:\/\/api.w.org\/{rel}","templated":true}]}}