{"id":171019,"date":"2018-03-22T12:23:52","date_gmt":"2018-03-22T12:23:52","guid":{"rendered":"http:\/\/diariodominicano.ddns.net\/?p=171019"},"modified":"2018-03-22T12:23:52","modified_gmt":"2018-03-22T12:23:52","slug":"cree-reeleccion-es-obstaculo-para-renovacion-partido","status":"publish","type":"post","link":"https:\/\/diariodominicano.com\/?p=171019","title":{"rendered":"Cree reelecci\u00f3n es obst\u00e1culo para renovaci\u00f3n partido"},"content":{"rendered":"<p><body><\/p>\n<p><img decoding=\"async\" src=\"img3\/juv12.jpg\" \/>  <\/p>\n<p>Aumenta el clamor a lo interno del Partido de la Liberaci\u00f3n Dominicana, por la renovaci\u00f3n de su dirigencia, con nuevas generaciones de l\u00edderes y m\u00e1s participaci\u00f3n para juventud.<\/p>\n<\/p>\n<p>En estos t\u00e9rminos se expreso el licenciado Miguel Florentino Jim\u00e9nez, \u00aburge oxigenar, renovar y relevar a figuras, muchas de ellas que vienen de los tiempos de Trujillo y otras mas recientes que se encuentran enquistadas en posiciones en la que se creen eternos\u00bb, expres\u00f3.<\/p>\n<\/p>\n<p>Florentino Jim\u00e9nez dijo tambi\u00e9n que la reelecci\u00f3n presidencial contribuye negativamente impidiendo que se den oportunidades a hombre y mujeres muy capaces para asumir compromisos en favor de la naci\u00f3n, desde el gobierno, ya que por lo general la reelecci\u00f3n se nutre de acuerdos con los mismo funcionarios y congresistas que no entienden la importancia del relevo generacional.<\/p>\n<\/p>\n<p>\u00abEs por ello que entendemos que el pueblo no esta en reelecci\u00f3n, y solo esta en la mente de algunos funcionarios. El pa\u00eds esta cansado de que los pol\u00edticos hagan de la constituci\u00f3n lo que le da la gana cuando quieran\u00bb, manifest\u00f3.<\/p>\n<\/p>\n<p>El dirigente pol\u00edtico hizo \u00e9nfasis en que los dominicanos quieren alternativas diferentes, ya que en los contactos que realiza en diferentes sectores sociales, se escucha a una sola voz, diciendo que no quieren seguir viendo la misma gente dirigiendo los destinos del pa\u00eds.<\/p>\n<\/p>\n<p>Miguel Florentino Jim\u00e9nez, extern\u00f3 estas opiniones en Santo Domingo Este en marco del acto de juramentaci\u00f3n de la dirigencia del Movimiento Renovaci\u00f3n Partidaria Dominicana (MOREPD), del cual es secretario general.<\/p>\n<\/p>\n<p>El acto realizado en el sal\u00f3n multiuso del Club Comunitario del sector La Esperanza, estuvo encabezado por el licenciado Ulises D\u00edaz, presidente del MOREPD, Dagoberto Florentino, Nelson Sosa, Mirtha S\u00e1nchez, Ernestina Arias y Joaqu\u00edn Lebr\u00f3n. <\/p>\n<h6> 2018-03-22 12:23:52 <\/h6>\n<p><!--\n<link rel=\"stylesheet\" href=\"css\/bootstrap.min.css\">\n\n\n<ul class=\"pagination\">\n\t    \n\t\n\n<li >\n\t<a href='?page_no=6366'>Previous<\/a>\n\t<\/li>\n\n\n       \n    \n\n<li><a href='?page_no=1'>1<\/a><\/li>\n\n\n\n<li><a href='?page_no=2'>2<\/a><\/li>\n\n\n\n<li><a>...<\/a><\/li>\n\n\n\n<li><a href='?page_no=6365'>6365<\/a><\/li>\n\n\n\n<li><a href='?page_no=6366'>6366<\/a><\/li>\n\n\n\n<li class='active'><a>6367<\/a><\/li>\n\n\n\n<li><a href='?page_no=6368'>6368<\/a><\/li>\n\n\n\n<li><a href='?page_no=6369'>6369<\/a><\/li>\n\n\n\n<li><a>...<\/a><\/li>\n\n\n\n<li><a href='?page_no=36999'>36999<\/a><\/li>\n\n\n\n<li><a href='?page_no=37000'>37000<\/a><\/li>\n\n    \n\t\n\n<li >\n\t<a href='?page_no=6368'>Next<\/a>\n\t<\/li>\n\n\n    \n\n<li><a href='?page_no=37000'>Last &rsaquo;&rsaquo;<\/a><\/li>\n\n<\/ul>\n\n\n--><br \/>\n<\/body><\/p>\n","protected":false},"excerpt":{"rendered":"<p>Aumenta el clamor a lo interno del Partido de la Liberaci\u00f3n Dominicana, por la renovaci\u00f3n de su dirigencia, con nuevas generaciones de l\u00edderes y m\u00e1s participaci\u00f3n para juventud. En estos t\u00e9rminos se expreso el licenciado Miguel Florentino Jim\u00e9nez, \u00aburge oxigenar, renovar y relevar a figuras, muchas de ellas que vienen de los tiempos de Trujillo [&hellip;]<\/p>\n","protected":false},"author":3,"featured_media":0,"comment_status":"open","ping_status":"open","sticky":false,"template":"","format":"standard","meta":{"footnotes":""},"categories":[22],"tags":[],"class_list":["post-171019","post","type-post","status-publish","format-standard","hentry","category-politica"],"_links":{"self":[{"href":"https:\/\/diariodominicano.com\/index.php?rest_route=\/wp\/v2\/posts\/171019","targetHints":{"allow":["GET"]}}],"collection":[{"href":"https:\/\/diariodominicano.com\/index.php?rest_route=\/wp\/v2\/posts"}],"about":[{"href":"https:\/\/diariodominicano.com\/index.php?rest_route=\/wp\/v2\/types\/post"}],"author":[{"embeddable":true,"href":"https:\/\/diariodominicano.com\/index.php?rest_route=\/wp\/v2\/users\/3"}],"replies":[{"embeddable":true,"href":"https:\/\/diariodominicano.com\/index.php?rest_route=%2Fwp%2Fv2%2Fcomments&post=171019"}],"version-history":[{"count":0,"href":"https:\/\/diariodominicano.com\/index.php?rest_route=\/wp\/v2\/posts\/171019\/revisions"}],"wp:attachment":[{"href":"https:\/\/diariodominicano.com\/index.php?rest_route=%2Fwp%2Fv2%2Fmedia&parent=171019"}],"wp:term":[{"taxonomy":"category","embeddable":true,"href":"https:\/\/diariodominicano.com\/index.php?rest_route=%2Fwp%2Fv2%2Fcategories&post=171019"},{"taxonomy":"post_tag","embeddable":true,"href":"https:\/\/diariodominicano.com\/index.php?rest_route=%2Fwp%2Fv2%2Ftags&post=171019"}],"curies":[{"name":"wp","href":"https:\/\/api.w.org\/{rel}","templated":true}]}}