{"id":171017,"date":"2018-03-22T13:04:56","date_gmt":"2018-03-22T13:04:56","guid":{"rendered":"http:\/\/diariodominicano.ddns.net\/?p=171017"},"modified":"2018-03-22T13:04:56","modified_gmt":"2018-03-22T13:04:56","slug":"ramon-ceballo-designa-equipo-de-campana","status":"publish","type":"post","link":"https:\/\/diariodominicano.com\/?p=171017","title":{"rendered":"Ram\u00f3n Ceballo designa equipo de Campa\u00f1a"},"content":{"rendered":"<p><body><\/p>\n<p><img decoding=\"async\" src=\"img3\/ceballo1.jpg\" \/>  <\/p>\n<p>Miami, Florida.- El candidato a presidente del del Comite Internacional del Partido Revolucionario Moderno, Dr. Ramon Ceballo, anunci\u00f3 como coordinador de campa\u00f1a, a Paulino Reynoso (el Padre To\u00f1o), presidente de la Seccional de Saint Th\u00f3mas del PRM y actual candidato a ocupar la vicepresidencia Internacional.<\/p>\n<\/p>\n<p>Como vocero de la campa\u00f1a fue designado el Lic. Edward Cruz, presidente electo de la Seccional de Florida Sur, el Lic. Palmenio Pacheco, presidente de la Seccional de Rhode Island, fue designado para coordinar la Regi\u00f3n de Nueva Inglaterra, Juan Francisco Tejada presidente de la Seccional de Inglaterra fue designado  coordinador de la circunscripci\u00f3n #3 en Europa, el Lic. Cristian Jimenez fue designado responsable de coordinar la Macro Regi\u00f3n de Espa\u00f1a, Tom\u00e1s Reyes responsable de la Circunscripci\u00f3n #1 de (EE.UU. y Canad\u00e1).<\/p>\n<\/p>\n<p>Una de mis prioridades, declar\u00f3 Ram\u00f3n Ceballo, en una nota enviada a este peri\u00f3dico digital, es conseguir la reconciliaci\u00f3n de los perreme\u00edstas en el exterior y para lograr ese prop\u00f3sito debemos respetar y motivar a los dem\u00e1s.<\/p>\n<\/p>\n<p>Me he comprometido a devolverle el poder a las Seccionales, y por eso en este equipo hay varios presidentes de Seccionales; seguimos promoviendo la Unidad, porque solo asi podremos crecer y avanzar en Positivo construyendo el PRM que todos queremos, afirm\u00f3 el Dr. Ram\u00f3n Ceballo al designar a los dirigentes.<\/p>\n<\/p>\n<p>Finalmente, Ceballo, afirm\u00f3 que estamos en una contienda democr\u00e1tica entre compa\u00f1eros con diferentes ideas y metodolog\u00edas de trabajo, sin embargo entendemos que una vez concluida la misma, estaremos todos unidos trabajando, con la misma meta en el horizonte, que es sacar del poder a quienes han traicionado nuestra patria y la confianza del pueblo.<\/p>\n<h6> 2018-03-22 13:04:56 <\/h6>\n<p><!--\n<link rel=\"stylesheet\" href=\"css\/bootstrap.min.css\">\n\n\n<ul class=\"pagination\">\n\t    \n\t\n\n<li >\n\t<a href='?page_no=6364'>Previous<\/a>\n\t<\/li>\n\n\n       \n    \n\n<li><a href='?page_no=1'>1<\/a><\/li>\n\n\n\n<li><a href='?page_no=2'>2<\/a><\/li>\n\n\n\n<li><a>...<\/a><\/li>\n\n\n\n<li><a href='?page_no=6363'>6363<\/a><\/li>\n\n\n\n<li><a href='?page_no=6364'>6364<\/a><\/li>\n\n\n\n<li class='active'><a>6365<\/a><\/li>\n\n\n\n<li><a href='?page_no=6366'>6366<\/a><\/li>\n\n\n\n<li><a href='?page_no=6367'>6367<\/a><\/li>\n\n\n\n<li><a>...<\/a><\/li>\n\n\n\n<li><a href='?page_no=36999'>36999<\/a><\/li>\n\n\n\n<li><a href='?page_no=37000'>37000<\/a><\/li>\n\n    \n\t\n\n<li >\n\t<a href='?page_no=6366'>Next<\/a>\n\t<\/li>\n\n\n    \n\n<li><a href='?page_no=37000'>Last &rsaquo;&rsaquo;<\/a><\/li>\n\n<\/ul>\n\n\n--><br \/>\n<\/body><\/p>\n","protected":false},"excerpt":{"rendered":"<p>Miami, Florida.- El candidato a presidente del del Comite Internacional del Partido Revolucionario Moderno, Dr. Ramon Ceballo, anunci\u00f3 como coordinador de campa\u00f1a, a Paulino Reynoso (el Padre To\u00f1o), presidente de la Seccional de Saint Th\u00f3mas del PRM y actual candidato a ocupar la vicepresidencia Internacional. Como vocero de la campa\u00f1a fue designado el Lic. Edward [&hellip;]<\/p>\n","protected":false},"author":3,"featured_media":0,"comment_status":"open","ping_status":"open","sticky":false,"template":"","format":"standard","meta":{"footnotes":""},"categories":[22],"tags":[],"class_list":["post-171017","post","type-post","status-publish","format-standard","hentry","category-politica"],"_links":{"self":[{"href":"https:\/\/diariodominicano.com\/index.php?rest_route=\/wp\/v2\/posts\/171017","targetHints":{"allow":["GET"]}}],"collection":[{"href":"https:\/\/diariodominicano.com\/index.php?rest_route=\/wp\/v2\/posts"}],"about":[{"href":"https:\/\/diariodominicano.com\/index.php?rest_route=\/wp\/v2\/types\/post"}],"author":[{"embeddable":true,"href":"https:\/\/diariodominicano.com\/index.php?rest_route=\/wp\/v2\/users\/3"}],"replies":[{"embeddable":true,"href":"https:\/\/diariodominicano.com\/index.php?rest_route=%2Fwp%2Fv2%2Fcomments&post=171017"}],"version-history":[{"count":0,"href":"https:\/\/diariodominicano.com\/index.php?rest_route=\/wp\/v2\/posts\/171017\/revisions"}],"wp:attachment":[{"href":"https:\/\/diariodominicano.com\/index.php?rest_route=%2Fwp%2Fv2%2Fmedia&parent=171017"}],"wp:term":[{"taxonomy":"category","embeddable":true,"href":"https:\/\/diariodominicano.com\/index.php?rest_route=%2Fwp%2Fv2%2Fcategories&post=171017"},{"taxonomy":"post_tag","embeddable":true,"href":"https:\/\/diariodominicano.com\/index.php?rest_route=%2Fwp%2Fv2%2Ftags&post=171017"}],"curies":[{"name":"wp","href":"https:\/\/api.w.org\/{rel}","templated":true}]}}