{"id":171015,"date":"2018-03-22T13:35:14","date_gmt":"2018-03-22T13:35:14","guid":{"rendered":"http:\/\/diariodominicano.ddns.net\/?p=171015"},"modified":"2018-03-22T13:35:14","modified_gmt":"2018-03-22T13:35:14","slug":"luis-de-leon-a-nombre-de-fuerza-boschista-exhorta-a-defender-junto-al-gobierno-la-soberania","status":"publish","type":"post","link":"https:\/\/diariodominicano.com\/?p=171015","title":{"rendered":"Lu\u00eds de Le\u00f3n a nombre de Fuerza Boschista exhorta a defender junto al gobierno la soberan\u00eda"},"content":{"rendered":"<p><body><\/p>\n<p><img decoding=\"async\" src=\"img3\/bosh.jpg\" \/>  <\/p>\n<p>En el marco de la conmemoraci\u00f3n de las batallas del 19 y 30 marzo Lu\u00eds de Le\u00f3n, miembro del Comit\u00e9 Central del Partido de la Liberaci\u00f3n Dominicana y coordinador general del movimiento Fuerza Boschista,  exhort\u00f3 a la militancia pelede\u00edsta y fuerzas aliadas al PLD  a defender junto al gobierno la soberan\u00eda nacional.<\/p>\n<\/p>\n<p>De Le\u00f3n, advirti\u00f3 que la soberan\u00eda hay que defenderla ante los prop\u00f3sitos macabros e injerencistas de sectores de la comunidad internacional y organizaciones locales an\u00e1rquicas que quieren que se abra la frontera dominico haitiana de par de par, y en consecuencia los ciudadanos haitianos  pasen al territorio dominicano sin ning\u00fan control migratorio.<\/p>\n<\/p>\n<p>\u00abEl profesor Juan Bosch en su libro de \u00abCrist\u00f3bal Col\u00f3n a Fidel Castro, el Caribe Frontera Imperial\u00bb se\u00f1ala que \u00abla frontera es un instrumento de las potencias imperialistas para violentar la soberan\u00eda de los pueblos\u00bb, declar\u00f3 de Le\u00f3n en rueda de prensa efectuada en la Casa Nacional del PLD despachada en un reporte de prensa del PLD.<\/p>\n<\/p>\n<p>El  dirigente pol\u00edtico y maestro hizo un llamado al PLD, las fuerzas aliadas y al pueblo en general a defender el gobierno de Danilo Medina, nuestra cultura e identidad y el derecho que nos asiste como pueblo soberano con sus normas y leyes.<\/p>\n<\/p>\n<p>De igual manera, los exhort\u00f3 a apoyar la campa\u00f1a patri\u00f3tica que est\u00e1n realizando denominada \u00abUna bandera para la frontera\u00bb, \u00abya que no podemos dejar solos a nuestros hermanos dominicanos de la frontera y mucho menos podemos permitir que estos vivan aterrorizados en su propio territorio\u00bb.<\/p>\n<h6> 2018-03-22 13:35:14 <\/h6>\n<p><!--\n<link rel=\"stylesheet\" href=\"css\/bootstrap.min.css\">\n\n\n<ul class=\"pagination\">\n\t    \n\t\n\n<li >\n\t<a href='?page_no=6362'>Previous<\/a>\n\t<\/li>\n\n\n       \n    \n\n<li><a href='?page_no=1'>1<\/a><\/li>\n\n\n\n<li><a href='?page_no=2'>2<\/a><\/li>\n\n\n\n<li><a>...<\/a><\/li>\n\n\n\n<li><a href='?page_no=6361'>6361<\/a><\/li>\n\n\n\n<li><a href='?page_no=6362'>6362<\/a><\/li>\n\n\n\n<li class='active'><a>6363<\/a><\/li>\n\n\n\n<li><a href='?page_no=6364'>6364<\/a><\/li>\n\n\n\n<li><a href='?page_no=6365'>6365<\/a><\/li>\n\n\n\n<li><a>...<\/a><\/li>\n\n\n\n<li><a href='?page_no=36999'>36999<\/a><\/li>\n\n\n\n<li><a href='?page_no=37000'>37000<\/a><\/li>\n\n    \n\t\n\n<li >\n\t<a href='?page_no=6364'>Next<\/a>\n\t<\/li>\n\n\n    \n\n<li><a href='?page_no=37000'>Last &rsaquo;&rsaquo;<\/a><\/li>\n\n<\/ul>\n\n\n--><br \/>\n<\/body><\/p>\n","protected":false},"excerpt":{"rendered":"<p>En el marco de la conmemoraci\u00f3n de las batallas del 19 y 30 marzo Lu\u00eds de Le\u00f3n, miembro del Comit\u00e9 Central del Partido de la Liberaci\u00f3n Dominicana y coordinador general del movimiento Fuerza Boschista, exhort\u00f3 a la militancia pelede\u00edsta y fuerzas aliadas al PLD a defender junto al gobierno la soberan\u00eda nacional. De Le\u00f3n, advirti\u00f3 [&hellip;]<\/p>\n","protected":false},"author":3,"featured_media":0,"comment_status":"open","ping_status":"open","sticky":false,"template":"","format":"standard","meta":{"footnotes":""},"categories":[22],"tags":[],"class_list":["post-171015","post","type-post","status-publish","format-standard","hentry","category-politica"],"_links":{"self":[{"href":"https:\/\/diariodominicano.com\/index.php?rest_route=\/wp\/v2\/posts\/171015","targetHints":{"allow":["GET"]}}],"collection":[{"href":"https:\/\/diariodominicano.com\/index.php?rest_route=\/wp\/v2\/posts"}],"about":[{"href":"https:\/\/diariodominicano.com\/index.php?rest_route=\/wp\/v2\/types\/post"}],"author":[{"embeddable":true,"href":"https:\/\/diariodominicano.com\/index.php?rest_route=\/wp\/v2\/users\/3"}],"replies":[{"embeddable":true,"href":"https:\/\/diariodominicano.com\/index.php?rest_route=%2Fwp%2Fv2%2Fcomments&post=171015"}],"version-history":[{"count":0,"href":"https:\/\/diariodominicano.com\/index.php?rest_route=\/wp\/v2\/posts\/171015\/revisions"}],"wp:attachment":[{"href":"https:\/\/diariodominicano.com\/index.php?rest_route=%2Fwp%2Fv2%2Fmedia&parent=171015"}],"wp:term":[{"taxonomy":"category","embeddable":true,"href":"https:\/\/diariodominicano.com\/index.php?rest_route=%2Fwp%2Fv2%2Fcategories&post=171015"},{"taxonomy":"post_tag","embeddable":true,"href":"https:\/\/diariodominicano.com\/index.php?rest_route=%2Fwp%2Fv2%2Ftags&post=171015"}],"curies":[{"name":"wp","href":"https:\/\/api.w.org\/{rel}","templated":true}]}}