{"id":171014,"date":"2018-03-22T13:55:03","date_gmt":"2018-03-22T13:55:03","guid":{"rendered":"http:\/\/diariodominicano.ddns.net\/?p=171014"},"modified":"2018-03-22T13:55:03","modified_gmt":"2018-03-22T13:55:03","slug":"san-francisco-de-macoris-se-tira-a-las-calles-para-recibir-a-ramfis-dominguez-trujillo","status":"publish","type":"post","link":"https:\/\/diariodominicano.com\/?p=171014","title":{"rendered":"San Francisco de Macoris se tira a las calles para recibir a Ramfis Dominguez Trujillo"},"content":{"rendered":"<p><body><\/p>\n<p><img decoding=\"async\" src=\"img3\/ram1.jpg\" \/><br \/><img decoding=\"async\" src=\"img3\/ram2.jpg\" \/><br \/><img decoding=\"async\" src=\"img3\/ram3.jpg\" \/>  <\/p>\n<p>El candidato  presidencial del Partido Dem\u00f3crata   Institucional, PDI,  Ramfis Dom\u00ednguez Trujillo,   continu\u00f3 su recorrido por toda la geograf\u00eda   nacional con una concurrida caminata en  San Francisco de Macor\u00eds, donde el desbordamiento del pueblo en las calles, esquinas y balcones fue impresionante y  la gente aclamaba constantemente a Ramfis  y otros tantos se lanzaban a las calles para hacerse  selfie con \u00e9l o saludarlo.<\/p>\n<\/p>\n<p>El Dr.  Ismael Reyes,  director  general de la campa\u00f1a de Ramfis Dom\u00ednguez  Trujillo,  expres\u00f3 que pocas veces en los a\u00f1os que tiene  en  pol\u00edtica ha visto  una euforia tan grande como la que  ha presenciado en los recorridos de Ramfis, primero en San Crist\u00f3bal y ahora en  San Francisco de Macor\u00eds.<\/p>\n<\/p>\n<p>\u00abLo que est\u00e1 pasando  en este trayecto por San Francisco de Macor\u00eds demuestra  la raz\u00f3n por  la que esta candidatura de Ramfis sigue creciendo indeteniblemente\u00bb, dijo   Ismael Reyes.<\/p>\n<\/p>\n<p>Ramfis Dom\u00ednguez Trujillo,  manifest\u00f3 que a pesar de que San Francisco de Macor\u00eds es  una de la zonas de mayor producci\u00f3n de la Rep\u00fablica  Dominicana, y que como muestra de eso tenemos  su  extraordinaria producci\u00f3n de cacao y arroz,  esta realidad no se toma en cuenta a la hora de devolverle a la provincia, en el presupuesto  nacional,  una parte importante de su aporte.<\/p>\n<\/p>\n<p>Dom\u00ednguez Trujillo aspira a la presidencia del pa\u00eds con el respaldo del Frente Nacionalista Opositor, FRENO, el cual est\u00e1 integrado por el Partido Dem\u00f3crata  Institucional, PDI,  el Partido Esperanza Democr\u00e1tica, PED,  y otros movimientos y organizaciones sociales de apoyo, que accionan en toda la Rep\u00fablica Dominicana y en el extranjero.<\/p>\n<\/p>\n<p>En el inicio de su recorrido por San Francisco de Macor\u00eds, Ramfis Dom\u00ednguez Trujillo estuvo acompa\u00f1ado por el presidente del PDI,  Dr. Ismael Reyes,  el  Lcdo.  Isidro Mart\u00ednez,  presidente del PDI  en San Francisco de Macor\u00eds  y  por  una amplia comitiva de destacados dirigentes de los partidos Esperanza Democr\u00e1tica y Dem\u00f3crata   Institucional.<\/p>\n<h6> 2018-03-22 13:55:03 <\/h6>\n<p><!--\n<link rel=\"stylesheet\" href=\"css\/bootstrap.min.css\">\n\n\n<ul class=\"pagination\">\n\t    \n\t\n\n<li >\n\t<a href='?page_no=6361'>Previous<\/a>\n\t<\/li>\n\n\n       \n    \n\n<li><a href='?page_no=1'>1<\/a><\/li>\n\n\n\n<li><a href='?page_no=2'>2<\/a><\/li>\n\n\n\n<li><a>...<\/a><\/li>\n\n\n\n<li><a href='?page_no=6360'>6360<\/a><\/li>\n\n\n\n<li><a href='?page_no=6361'>6361<\/a><\/li>\n\n\n\n<li class='active'><a>6362<\/a><\/li>\n\n\n\n<li><a href='?page_no=6363'>6363<\/a><\/li>\n\n\n\n<li><a href='?page_no=6364'>6364<\/a><\/li>\n\n\n\n<li><a>...<\/a><\/li>\n\n\n\n<li><a href='?page_no=36999'>36999<\/a><\/li>\n\n\n\n<li><a href='?page_no=37000'>37000<\/a><\/li>\n\n    \n\t\n\n<li >\n\t<a href='?page_no=6363'>Next<\/a>\n\t<\/li>\n\n\n    \n\n<li><a href='?page_no=37000'>Last &rsaquo;&rsaquo;<\/a><\/li>\n\n<\/ul>\n\n\n--><br \/>\n<\/body><\/p>\n","protected":false},"excerpt":{"rendered":"<p>El candidato presidencial del Partido Dem\u00f3crata Institucional, PDI, Ramfis Dom\u00ednguez Trujillo, continu\u00f3 su recorrido por toda la geograf\u00eda nacional con una concurrida caminata en San Francisco de Macor\u00eds, donde el desbordamiento del pueblo en las calles, esquinas y balcones fue impresionante y la gente aclamaba constantemente a Ramfis y otros tantos se lanzaban a las [&hellip;]<\/p>\n","protected":false},"author":3,"featured_media":0,"comment_status":"open","ping_status":"open","sticky":false,"template":"","format":"standard","meta":{"footnotes":""},"categories":[22],"tags":[],"class_list":["post-171014","post","type-post","status-publish","format-standard","hentry","category-politica"],"_links":{"self":[{"href":"https:\/\/diariodominicano.com\/index.php?rest_route=\/wp\/v2\/posts\/171014","targetHints":{"allow":["GET"]}}],"collection":[{"href":"https:\/\/diariodominicano.com\/index.php?rest_route=\/wp\/v2\/posts"}],"about":[{"href":"https:\/\/diariodominicano.com\/index.php?rest_route=\/wp\/v2\/types\/post"}],"author":[{"embeddable":true,"href":"https:\/\/diariodominicano.com\/index.php?rest_route=\/wp\/v2\/users\/3"}],"replies":[{"embeddable":true,"href":"https:\/\/diariodominicano.com\/index.php?rest_route=%2Fwp%2Fv2%2Fcomments&post=171014"}],"version-history":[{"count":0,"href":"https:\/\/diariodominicano.com\/index.php?rest_route=\/wp\/v2\/posts\/171014\/revisions"}],"wp:attachment":[{"href":"https:\/\/diariodominicano.com\/index.php?rest_route=%2Fwp%2Fv2%2Fmedia&parent=171014"}],"wp:term":[{"taxonomy":"category","embeddable":true,"href":"https:\/\/diariodominicano.com\/index.php?rest_route=%2Fwp%2Fv2%2Fcategories&post=171014"},{"taxonomy":"post_tag","embeddable":true,"href":"https:\/\/diariodominicano.com\/index.php?rest_route=%2Fwp%2Fv2%2Ftags&post=171014"}],"curies":[{"name":"wp","href":"https:\/\/api.w.org\/{rel}","templated":true}]}}