{"id":171010,"date":"2018-03-22T21:48:53","date_gmt":"2018-03-22T21:48:53","guid":{"rendered":"http:\/\/diariodominicano.ddns.net\/?p=171010"},"modified":"2018-03-22T21:48:53","modified_gmt":"2018-03-22T21:48:53","slug":"prd-estudia-sentencia-del-tse-que-anula-su-convencion-nacional-del-3-diciembre","status":"publish","type":"post","link":"https:\/\/diariodominicano.com\/?p=171010","title":{"rendered":"PRD estudia sentencia del TSE que anula su convenci\u00f3n nacional del 3 diciembre"},"content":{"rendered":"<p><body><\/p>\n<p><img decoding=\"async\" src=\"img3\/201803221916051.jpg\" \/><br \/><img decoding=\"async\" src=\"img3\/PRD logo99.jpg\" \/>  <\/p>\n<p><strong> <\/strong><\/p>\n<p><strong><span class=\"text1noticias\"> SANTO DOMINGO, RD, 22 de marzo de 2018.-<\/span><\/strong><span class=\"text1noticias\"> El Partido Revolucionario Dominicano (PRD) inform\u00f3 este jueves  que una Comisi\u00f3n de Juristas  est\u00e1 estudiando detenidamente la sentencia del Tribunal Superior Electoral (TSE) que anula la  \u00abConvencion Nacional Extraordinaria \u00abDr. Pedro A. Franco Bad\u00eda\u00bb,  celebrada por esa colectividad pol\u00edtica el 3 de diciembre de 2017.<\/span><\/p>\n<\/p>\n<p><span class=\"text1noticias\">En virtud de la sentencia, el TSE orden\u00f3 la celebraci\u00f3n de un nuevo proceso interno del Partido de Revolucionario Dominicano (PRD) en un plazo que no puede exceder los 60 d\u00edas.<\/span><\/p>\n<\/p>\n<p><span class=\"text1noticias\">Al dar a conocer su reacci\u00f3n, el Partido Revolucionario Dominicano (PRD) y sus Autoridades leg\u00edtimas, juramentadas en Septiembre del 2014 por un periodo de 4 a\u00f1os; encabezadas por su  Presidente Miguel Vargas, expres\u00f3 que contin\u00faa conduciendo de manera ordinaria el \u00abPlan de Dinamizaci\u00f3n Pol\u00edtica\u00bb; la cual dice constituye su tarea fundamental y de la que \u00abnada ni nadie nos har\u00e1 variar, para bien de las aspiraciones y necesidades de todos los perredeistas y del pueblo dominicano\u00bb.<\/span><\/p>\n<\/p>\n<p><strong><span class=\"text1noticias\">A continuaci\u00f3n Diariodominicano.com publica la declaraci\u00f3n de prensa del PRD respecto a la sentencia del TSE:<\/span><\/strong><\/p>\n<p><strong><span class=\"text1noticias\"> <\/span><\/strong><\/p>\n<p><span class=\"text1noticias\"> <\/span><\/p>\n<p><span class=\"text1noticias\"> <\/span><\/p>\n<p><span class=\"text1noticias\"><strong>Declaraci\u00f3n para la Prensa<\/strong><\/span><\/p>\n<p><span class=\"text1noticias\"> <\/span><\/p>\n<p><span class=\"text1noticias\">El Partido Revolucionario Dominicano (PRD) y sus Autoridades leg\u00edtimas, juramentadas en Septiembre del 2014 por un periodo de 4 a\u00f1os; encabezadas por nuestro Presidente Miguel Vargas, contin\u00faa conduciendo de manera ordinaria el \u00abPlan de Dinamizaci\u00f3n Pol\u00edtica\u00bb; la cual constituye nuestra tarea fundamental y de la que nada ni nadie nos har\u00e1 variar, para bien de las aspiraciones y necesidades de todos los perredeistas y del pueblo dominicano.<\/span><\/p>\n<p><span class=\"text1noticias\"> <\/span><\/p>\n<p><span class=\"text1noticias\">En cuanto a la sentencia emitida, en el d\u00eda de hoy, por del Tribunal Superior Electoral (TSE), el Partido Revolucionario Dominicano informa a la militancia perredeista; y la opini\u00f3n p\u00fablica nacional, que una Comisi\u00f3n de Juristas de nuestro partido est\u00e1 estudiando detenidamente dicha sentencia; en referencia a la \u00abConvencion Nacional Extraordinaria \u00abDr. Pedro A. Franco Bad\u00eda\u00bb de fecha 3 de diciembre del 2017, a los fines de fijar en las pr\u00f3ximas horas nuestra posici\u00f3n y acciones. (22 de marzo, 2018)<\/span><\/p>\n<\/p>\n<p><strong><span class=\"text1noticias\">Tribubal Superior Electoral hacer otra convenci\u00f3n<\/span><\/strong><\/p>\n<\/p>\n<p><span class=\"text1noticias\">En virtud de su sentencia el  Tribunal Superior Electoral (TSE) orden\u00f3 la celebraci\u00f3n de un nuevo proceso interno del Partido de Revolucionario Dominicano (PRD) en un plazo que no puede exceder los 60 d\u00edas.<\/span><\/p>\n<\/p>\n<p><span class=\"text1noticias\">El TSE encabezado por su presidente,  Rom\u00e1n J\u00e1quez, adopt\u00f3 la decisi\u00f3n  tras anular la \u00abConvencion Nacional Extraordinaria \u00abDr. Pedro A. Franco Bad\u00eda\u00bb celebrada el 3 de diciembre de 2017.<\/span><\/p>\n<\/p>\n<p><span class=\"text1noticias\">La sentencia da ganancia de causa a un grupo de dirigentes del PRD encabezados por Aurelio Moreta Valenzuela, C\u00e9sar Emilio Guzm\u00e1n, y el vicepresidente nacional del PRD, An\u00edbal Garc\u00eda Duverg\u00e9.<\/span><\/p>\n<\/p>\n<p><span class=\"text1noticias\">El grupo hab\u00eda interpuesto una demanda de nulidad, de modificaci\u00f3n estatuaria del PRD y de la convenci\u00f3n organizada por las actuales autoridades perredeistas,  en la que fue reelecto Miguel Vargas Maldonado, como presidente del PRD por un per\u00edodo de 4 a\u00f1os. <\/span><\/p>\n<\/p>\n<p><span class=\"text1noticias\">Tambi\u00e9n  aprob\u00f3 la reforma al escoger  a Peggy Cabral viuda Pe\u00f1a G\u00f3mez, como presidenta en funciones y a V\u00edctor G\u00f3mez Casanova, como director nacional de comunicaciones y vocero del PRD,  quien fue sustituido  por el soci\u00f3logo Alejandro Abreu.<\/span><\/p>\n<\/p>\n<p><span class=\"text1noticias\">Tras conocer la sentencia, el equipo legal del PRD, que encabeza Jos\u00e9 Miguel V\u00e1squez, rechaz\u00f3 la decisi\u00f3n  y la calific\u00f3 de inaceptable. Anunci\u00f3  que se van a reunir para determinar los pasos a seguir, con miras a anular la decisi\u00f3n del TSE.<\/span><\/p>\n<\/p>\n<p><span class=\"text1noticias\">El articulo 214 de la Constituci\u00f3n de la Rep\u00fablica<\/span><\/p>\n<\/p>\n<p><span class=\"text1noticias\">La <\/span><\/p>\n<\/p>\n<p><span class=\"text1noticias\"> <\/span><\/p>\n<p><span class=\"text1noticias\"> <\/span><\/p>\n<p><span class=\"text1noticias\"> <\/span><\/p>\n<\/p>\n<h6> 2018-03-22 21:48:53 <\/h6>\n<p><!--\n<link rel=\"stylesheet\" href=\"css\/bootstrap.min.css\">\n\n\n<ul class=\"pagination\">\n\t    \n\t\n\n<li >\n\t<a href='?page_no=6358'>Previous<\/a>\n\t<\/li>\n\n\n       \n    \n\n<li><a href='?page_no=1'>1<\/a><\/li>\n\n\n\n<li><a href='?page_no=2'>2<\/a><\/li>\n\n\n\n<li><a>...<\/a><\/li>\n\n\n\n<li><a href='?page_no=6357'>6357<\/a><\/li>\n\n\n\n<li><a href='?page_no=6358'>6358<\/a><\/li>\n\n\n\n<li class='active'><a>6359<\/a><\/li>\n\n\n\n<li><a href='?page_no=6360'>6360<\/a><\/li>\n\n\n\n<li><a href='?page_no=6361'>6361<\/a><\/li>\n\n\n\n<li><a>...<\/a><\/li>\n\n\n\n<li><a href='?page_no=36999'>36999<\/a><\/li>\n\n\n\n<li><a href='?page_no=37000'>37000<\/a><\/li>\n\n    \n\t\n\n<li >\n\t<a href='?page_no=6360'>Next<\/a>\n\t<\/li>\n\n\n    \n\n<li><a href='?page_no=37000'>Last &rsaquo;&rsaquo;<\/a><\/li>\n\n<\/ul>\n\n\n--><br \/>\n<\/body><\/p>\n","protected":false},"excerpt":{"rendered":"<p>SANTO DOMINGO, RD, 22 de marzo de 2018.- El Partido Revolucionario Dominicano (PRD) inform\u00f3 este jueves que una Comisi\u00f3n de Juristas est\u00e1 estudiando detenidamente la sentencia del Tribunal Superior Electoral (TSE) que anula la \u00abConvencion Nacional Extraordinaria \u00abDr. Pedro A. Franco Bad\u00eda\u00bb, celebrada por esa colectividad pol\u00edtica el 3 de diciembre de 2017. En virtud [&hellip;]<\/p>\n","protected":false},"author":3,"featured_media":0,"comment_status":"open","ping_status":"open","sticky":false,"template":"","format":"standard","meta":{"footnotes":""},"categories":[22],"tags":[],"class_list":["post-171010","post","type-post","status-publish","format-standard","hentry","category-politica"],"_links":{"self":[{"href":"https:\/\/diariodominicano.com\/index.php?rest_route=\/wp\/v2\/posts\/171010","targetHints":{"allow":["GET"]}}],"collection":[{"href":"https:\/\/diariodominicano.com\/index.php?rest_route=\/wp\/v2\/posts"}],"about":[{"href":"https:\/\/diariodominicano.com\/index.php?rest_route=\/wp\/v2\/types\/post"}],"author":[{"embeddable":true,"href":"https:\/\/diariodominicano.com\/index.php?rest_route=\/wp\/v2\/users\/3"}],"replies":[{"embeddable":true,"href":"https:\/\/diariodominicano.com\/index.php?rest_route=%2Fwp%2Fv2%2Fcomments&post=171010"}],"version-history":[{"count":0,"href":"https:\/\/diariodominicano.com\/index.php?rest_route=\/wp\/v2\/posts\/171010\/revisions"}],"wp:attachment":[{"href":"https:\/\/diariodominicano.com\/index.php?rest_route=%2Fwp%2Fv2%2Fmedia&parent=171010"}],"wp:term":[{"taxonomy":"category","embeddable":true,"href":"https:\/\/diariodominicano.com\/index.php?rest_route=%2Fwp%2Fv2%2Fcategories&post=171010"},{"taxonomy":"post_tag","embeddable":true,"href":"https:\/\/diariodominicano.com\/index.php?rest_route=%2Fwp%2Fv2%2Ftags&post=171010"}],"curies":[{"name":"wp","href":"https:\/\/api.w.org\/{rel}","templated":true}]}}