{"id":171008,"date":"2018-03-23T11:35:10","date_gmt":"2018-03-23T11:35:10","guid":{"rendered":"http:\/\/diariodominicano.ddns.net\/?p=171008"},"modified":"2018-03-23T11:35:10","modified_gmt":"2018-03-23T11:35:10","slug":"aspirante-a-decano-de-ciencias-entiende-uasd-debe-aumentar-aportes","status":"publish","type":"post","link":"https:\/\/diariodominicano.com\/?p=171008","title":{"rendered":"Aspirante a decano de Ciencias entiende UASD debe aumentar aportes"},"content":{"rendered":"<p><body><\/p>\n<p><img decoding=\"async\" src=\"img3\/aspi11.jpg\" \/>  <\/p>\n<p>Santo Domingo (Rep\u00fablica Dominicana).- La Universidad Aut\u00f3noma de Santo Domingo (UASD) debe presentar propuestas al Estado para el desarrollo del pa\u00eds y con eso lograr mejores resultados en sus \u00abjustos reclamos\u00bb de mayor asignaci\u00f3n presupuestaria.<\/p>\n<\/p>\n<p>La expresi\u00f3n es del aspirante a decano de la Facultad de Ciencias de la UASD, Radham\u00e9s Silverio Gonz\u00e1lez, entiende que la instituci\u00f3n universitaria no es un \u00abbarril sin fondo\u00bb, como consideran algunos sectores, pero es consciente que esa academia para solicitar apoyo estatal debe hacer mayores aportes.<\/p>\n<\/p>\n<p>Considera justos los reclamos de la casa de altos estudios \u00abAhora bien, no estamos de acuerdo con la paralizaci\u00f3n de la docencia; hay que buscar alternativas, otros m\u00e9todos que no afecten la misi\u00f3n de formar educadores, t\u00e9cnicos, hay que seguir luchando porque las condiciones reales de los profesores no son las mejores\u00bb.<\/p>\n<\/p>\n<p>El actual vicedecano de Ciencias plantea la necesidad de mejorar las condiciones de trabajo y de vida de los docentes de la universidad estatal, de contrataci\u00f3n de m\u00e1s educadores para aligerar la \u00abexcesiva\u00bb carga acad\u00e9mica de los actuales docentes.<\/p>\n<\/p>\n<p>\u00abHay profesores de la Facultad de Ciencias que trabajan desde las siete de la ma\u00f1ana hasta las 10 de la noche, profesores de biolog\u00eda, qu\u00edmica, f\u00edsica, con exceso de trabajo en el aula, en laboratorios y hasta en sus casas\u00bb, lament\u00f3 el catedr\u00e1tico.<\/p>\n<\/p>\n<p>Para el docente la climatizaci\u00f3n de las aulas, adquisici\u00f3n de mobiliarios, y la conclusi\u00f3n y equipamiento del edificio del antiguo Colegio Universitario (CU), que ahora aloja los laboratorios de ciencias b\u00e1sicas, es impostergable si se quiere mejorar la calidad de la docencia.<\/p>\n<\/p>\n<p>Como meta se traza incrementar la cantidad de matriculados en las carreras que imparte la facultad y para ello ir\u00e1 a liceos y colegios secundarios a, de manera directa, motivar a los estudiantes.<\/p>\n<\/p>\n<p>\u00abIremos a ponerlos al d\u00eda sobre el buen ambiente laboral que hay en el pa\u00eds para los graduados de matem\u00e1ticas, f\u00edsica, qu\u00edmica, biolog\u00eda, a que se no les teman a estas materias\u00bb, explic\u00f3.<\/p>\n<\/p>\n<p>El fortalecimiento de la investigaci\u00f3n especializando fondos para apoyar  proyectos a favor del desarrollo nacional, es otro punto de su agenda.<\/p>\n<\/p>\n<p>Para lograrlo, adem\u00e1s de los recursos de autogesti\u00f3n y los otorgados en el presupuesto, acudir\u00e1 a organismos internacionales como el Banco Interamericano de Desarrollo (BID), Uni\u00f3n Europea (UE) y Banco Mundial (BM).<\/p>\n<\/p>\n<p>Para Silverio, licenciado en inform\u00e1tica, la Facultad de Ciencias est\u00e1 \u00abhaciendo su trabajo\u00bb, cumpliendo su misi\u00f3n de formar profesionales y t\u00e9cnicos en ciencias aplicadas y b\u00e1sicas, aunque reconoce las oportunidades existentes para mejorar.<\/p>\n<\/p>\n<p>El docente no cree que las personas deban separarse de la instituci\u00f3n por su bajo rendimiento en sus estudios, es partidario de una f\u00f3rmula que posibilite al estudiante con dificultades en una carrera facilitarle cursar otra m\u00e1s acorde con sus habilidades o, incluso, orientarlo hacia \u00e1reas t\u00e9cnicas con el prop\u00f3sito de alcance su realizaci\u00f3n acad\u00e9mica y capacitaci\u00f3n para el trabajo productivo.<\/p>\n<\/p>\n<p>Las aspiraciones de Silverio Gonz\u00e1lez al Decanato de la Facultad de Ciencias son promovidas por un grupo de docentes que comparten su visi\u00f3n de encaminar a la UASD por el sendero de la transformaci\u00f3n.<\/p>\n<\/p>\n<p>\u00abCreemos tener la vocaci\u00f3n y experiencia necesarias para ser elegidos decano de la Facultad de Ciencias, para desde ah\u00ed contribuir al desarrollo cient\u00edfico y tecnol\u00f3gico de la UASD y de la Rep\u00fablica Dominicana\u00bb, puntualiz\u00f3.<\/p>\n<h6> 2018-03-23 11:35:10 <\/h6>\n<p><!--\n<link rel=\"stylesheet\" href=\"css\/bootstrap.min.css\">\n\n\n<ul class=\"pagination\">\n\t    \n\t\n\n<li >\n\t<a href='?page_no=6356'>Previous<\/a>\n\t<\/li>\n\n\n       \n    \n\n<li><a href='?page_no=1'>1<\/a><\/li>\n\n\n\n<li><a href='?page_no=2'>2<\/a><\/li>\n\n\n\n<li><a>...<\/a><\/li>\n\n\n\n<li><a href='?page_no=6355'>6355<\/a><\/li>\n\n\n\n<li><a href='?page_no=6356'>6356<\/a><\/li>\n\n\n\n<li class='active'><a>6357<\/a><\/li>\n\n\n\n<li><a href='?page_no=6358'>6358<\/a><\/li>\n\n\n\n<li><a href='?page_no=6359'>6359<\/a><\/li>\n\n\n\n<li><a>...<\/a><\/li>\n\n\n\n<li><a href='?page_no=36999'>36999<\/a><\/li>\n\n\n\n<li><a href='?page_no=37000'>37000<\/a><\/li>\n\n    \n\t\n\n<li >\n\t<a href='?page_no=6358'>Next<\/a>\n\t<\/li>\n\n\n    \n\n<li><a href='?page_no=37000'>Last &rsaquo;&rsaquo;<\/a><\/li>\n\n<\/ul>\n\n\n--><br \/>\n<\/body><\/p>\n","protected":false},"excerpt":{"rendered":"<p>Santo Domingo (Rep\u00fablica Dominicana).- La Universidad Aut\u00f3noma de Santo Domingo (UASD) debe presentar propuestas al Estado para el desarrollo del pa\u00eds y con eso lograr mejores resultados en sus \u00abjustos reclamos\u00bb de mayor asignaci\u00f3n presupuestaria. La expresi\u00f3n es del aspirante a decano de la Facultad de Ciencias de la UASD, Radham\u00e9s Silverio Gonz\u00e1lez, entiende que [&hellip;]<\/p>\n","protected":false},"author":3,"featured_media":0,"comment_status":"open","ping_status":"open","sticky":false,"template":"","format":"standard","meta":{"footnotes":""},"categories":[22],"tags":[],"class_list":["post-171008","post","type-post","status-publish","format-standard","hentry","category-politica"],"_links":{"self":[{"href":"https:\/\/diariodominicano.com\/index.php?rest_route=\/wp\/v2\/posts\/171008","targetHints":{"allow":["GET"]}}],"collection":[{"href":"https:\/\/diariodominicano.com\/index.php?rest_route=\/wp\/v2\/posts"}],"about":[{"href":"https:\/\/diariodominicano.com\/index.php?rest_route=\/wp\/v2\/types\/post"}],"author":[{"embeddable":true,"href":"https:\/\/diariodominicano.com\/index.php?rest_route=\/wp\/v2\/users\/3"}],"replies":[{"embeddable":true,"href":"https:\/\/diariodominicano.com\/index.php?rest_route=%2Fwp%2Fv2%2Fcomments&post=171008"}],"version-history":[{"count":0,"href":"https:\/\/diariodominicano.com\/index.php?rest_route=\/wp\/v2\/posts\/171008\/revisions"}],"wp:attachment":[{"href":"https:\/\/diariodominicano.com\/index.php?rest_route=%2Fwp%2Fv2%2Fmedia&parent=171008"}],"wp:term":[{"taxonomy":"category","embeddable":true,"href":"https:\/\/diariodominicano.com\/index.php?rest_route=%2Fwp%2Fv2%2Fcategories&post=171008"},{"taxonomy":"post_tag","embeddable":true,"href":"https:\/\/diariodominicano.com\/index.php?rest_route=%2Fwp%2Fv2%2Ftags&post=171008"}],"curies":[{"name":"wp","href":"https:\/\/api.w.org\/{rel}","templated":true}]}}