{"id":171007,"date":"2018-03-23T11:39:07","date_gmt":"2018-03-23T11:39:07","guid":{"rendered":"http:\/\/diariodominicano.ddns.net\/?p=171007"},"modified":"2018-03-23T11:39:07","modified_gmt":"2018-03-23T11:39:07","slug":"atribuye-a-pena-gomez-planes-para-fusionar-la-rd-y-haiti","status":"publish","type":"post","link":"https:\/\/diariodominicano.com\/?p=171007","title":{"rendered":"Atribuye a  Pe\u00f1a G\u00f3mez  planes para fusionar la RD y Hait\u00ed"},"content":{"rendered":"<p><body><\/p>\n<p><img decoding=\"async\" src=\"img3\/pg1.jpg\" \/>  <\/p>\n<p><strong>NUEVA YORK.-<\/strong> El dirigente pol\u00edtico y comunitario, Constantino De la Rosa, asegur\u00f3 hoy que el fenecido l\u00edder pol\u00edtico dominicano, doctor Jos\u00e9 Francisco Pe\u00f1a G\u00f3mez ten\u00eda planes de fusionar las dos naciones que conforman la isla de Santo Domingo, para lo cual contaba con respaldo de otros l\u00edderes pol\u00edticos internacionales.<\/p>\n<\/p>\n<p>El tambi\u00e9n comentarista de radio dijo que cuando Pe\u00f1a fue s\u00edndico de la ciudad capital dominicana, pobl\u00f3 de ciudadanos haitianos la metr\u00f3poli, a\u00f1adiendo que parte de esa planificaci\u00f3n fue el permitir que uno de sus reconocidos guardaespaldas, Polonio Pierret, llegara a la posici\u00f3n de regidor por el Partido Revolucionario Dominicano.<\/p>\n<\/p>\n<p>Entiende De la Rosa que toda organizaci\u00f3n pol\u00edtica que muestre una imagen del desaparecido l\u00edder pol\u00edtico perredeista, nunca llegara al poder porque la sabe que este era haitiano y que los nacionales vecinos lo apoyaban argumentando como prueba el hecho de que el ex presidente Jean Bertrarnd Aristide, lo primero que hizo al llegar a la Rep\u00fablica Dominicana fue visitar la tumba donde reposan los restos mortales de Pe\u00f1a G\u00f3mez. <\/p>\n<\/p>\n<p>Seg\u00fan dijo la haitianizaci\u00f3n fue cultural e intelectual lo que dej\u00f3 una estela de aspirantes haitianos buscando dirigir los destinos del pa\u00eds.<\/p>\n<\/p>\n<p>\u00abPe\u00f1a G\u00f3mez estaba tan seguro en  sus planes que busc\u00f3 respaldo de la Internacional Socialista, apoyado por Francois Mitterrand y dec\u00eda que si algo le pasaba quemar\u00eda el pa\u00eds por las cuatro esquinas\u00bb, asever\u00f3 De la Rosa.<\/p>\n<\/p>\n<p>De la Rosa habl\u00f3 durante su intervenci\u00f3n en el programa \u00abLatigazos\u00bb que se transmite por la 88.9 FM bajo la producci\u00f3n de  Frank Gir\u00f3n, los Domingos de 5 a  7 pm.<\/p>\n<h6> 2018-03-23 11:39:07 <\/h6>\n<p><!--\n<link rel=\"stylesheet\" href=\"css\/bootstrap.min.css\">\n\n\n<ul class=\"pagination\">\n\t    \n\t\n\n<li >\n\t<a href='?page_no=6355'>Previous<\/a>\n\t<\/li>\n\n\n       \n    \n\n<li><a href='?page_no=1'>1<\/a><\/li>\n\n\n\n<li><a href='?page_no=2'>2<\/a><\/li>\n\n\n\n<li><a>...<\/a><\/li>\n\n\n\n<li><a href='?page_no=6354'>6354<\/a><\/li>\n\n\n\n<li><a href='?page_no=6355'>6355<\/a><\/li>\n\n\n\n<li class='active'><a>6356<\/a><\/li>\n\n\n\n<li><a href='?page_no=6357'>6357<\/a><\/li>\n\n\n\n<li><a href='?page_no=6358'>6358<\/a><\/li>\n\n\n\n<li><a>...<\/a><\/li>\n\n\n\n<li><a href='?page_no=36999'>36999<\/a><\/li>\n\n\n\n<li><a href='?page_no=37000'>37000<\/a><\/li>\n\n    \n\t\n\n<li >\n\t<a href='?page_no=6357'>Next<\/a>\n\t<\/li>\n\n\n    \n\n<li><a href='?page_no=37000'>Last &rsaquo;&rsaquo;<\/a><\/li>\n\n<\/ul>\n\n\n--><br \/>\n<\/body><\/p>\n","protected":false},"excerpt":{"rendered":"<p>NUEVA YORK.- El dirigente pol\u00edtico y comunitario, Constantino De la Rosa, asegur\u00f3 hoy que el fenecido l\u00edder pol\u00edtico dominicano, doctor Jos\u00e9 Francisco Pe\u00f1a G\u00f3mez ten\u00eda planes de fusionar las dos naciones que conforman la isla de Santo Domingo, para lo cual contaba con respaldo de otros l\u00edderes pol\u00edticos internacionales. El tambi\u00e9n comentarista de radio dijo [&hellip;]<\/p>\n","protected":false},"author":3,"featured_media":0,"comment_status":"open","ping_status":"open","sticky":false,"template":"","format":"standard","meta":{"footnotes":""},"categories":[22],"tags":[],"class_list":["post-171007","post","type-post","status-publish","format-standard","hentry","category-politica"],"_links":{"self":[{"href":"https:\/\/diariodominicano.com\/index.php?rest_route=\/wp\/v2\/posts\/171007","targetHints":{"allow":["GET"]}}],"collection":[{"href":"https:\/\/diariodominicano.com\/index.php?rest_route=\/wp\/v2\/posts"}],"about":[{"href":"https:\/\/diariodominicano.com\/index.php?rest_route=\/wp\/v2\/types\/post"}],"author":[{"embeddable":true,"href":"https:\/\/diariodominicano.com\/index.php?rest_route=\/wp\/v2\/users\/3"}],"replies":[{"embeddable":true,"href":"https:\/\/diariodominicano.com\/index.php?rest_route=%2Fwp%2Fv2%2Fcomments&post=171007"}],"version-history":[{"count":0,"href":"https:\/\/diariodominicano.com\/index.php?rest_route=\/wp\/v2\/posts\/171007\/revisions"}],"wp:attachment":[{"href":"https:\/\/diariodominicano.com\/index.php?rest_route=%2Fwp%2Fv2%2Fmedia&parent=171007"}],"wp:term":[{"taxonomy":"category","embeddable":true,"href":"https:\/\/diariodominicano.com\/index.php?rest_route=%2Fwp%2Fv2%2Fcategories&post=171007"},{"taxonomy":"post_tag","embeddable":true,"href":"https:\/\/diariodominicano.com\/index.php?rest_route=%2Fwp%2Fv2%2Ftags&post=171007"}],"curies":[{"name":"wp","href":"https:\/\/api.w.org\/{rel}","templated":true}]}}