{"id":171006,"date":"2018-03-23T12:16:02","date_gmt":"2018-03-23T12:16:02","guid":{"rendered":"http:\/\/diariodominicano.ddns.net\/?p=171006"},"modified":"2018-03-23T12:16:02","modified_gmt":"2018-03-23T12:16:02","slug":"senador-calderon-resalta-nivel-de-transparencia-de-las-gestiones-de-gobierno-del-pld","status":"publish","type":"post","link":"https:\/\/diariodominicano.com\/?p=171006","title":{"rendered":"Senador Calder\u00f3n resalta nivel de transparencia de las gestiones de gobierno del PLD"},"content":{"rendered":"<p><body><\/p>\n<p><img decoding=\"async\" src=\"img3\/calde1.jpg\" \/>  <\/p>\n<p>El senador del Partido de la Liberaci\u00f3n Dominicana por la provincia Azua, Rafael Calder\u00f3n, afirm\u00f3 que no existe en la historia democr\u00e1tica de la Rep\u00fablica Dominicana un gobierno que haya hecho m\u00e1s esfuerzos para lograr el manejo transparente  de los recursos p\u00fablicos que los presididos por el PLD.<\/p>\n<\/p>\n<p>Calder\u00f3n, tambi\u00e9n miembro del Comit\u00e9 Central del PLD,  poniendo de ejemplo la actual gesti\u00f3n del Presidente Danilo Medina, dijo que  los recursos p\u00fablicos se han manejado con eficiencia y transparencia y puesto al servicio de la poblaci\u00f3n.<\/p>\n<\/p>\n<p>\u00abSon muchas las medidas que se han tomado a favor de la claridad, transparencia y \u00e9tica p\u00fablica. En t\u00e9rminos de eficiencia de esos recursos estamos seguros que se habla de miles de millones de pesos\u00bb, declar\u00f3 Calder\u00f3n, entrevistado en el programa Matinal 5.<\/p>\n<\/p>\n<p>El legislador pelede\u00edsta manifest\u00f3 que se han implementado normas y mecanismos de rendici\u00f3n de cuentas para garantizar la transparencia en el manejo de la administraci\u00f3n p\u00fablica.<\/p>\n<\/p>\n<p>Agreg\u00f3 que igualmente se han creado veedur\u00edas para supervisar los procesos de compras y contrataciones en las instituciones p\u00fablicas integradas por personalidades de la sociedad civil.<\/p>\n<\/p>\n<p>Expres\u00f3 que la corrupci\u00f3n es un mal universal que est\u00e1 presente en todas las sociedades y que debe ser enfrentado con responsabilidad y gallard\u00eda.<\/p>\n<\/p>\n<p>Cuestionado en torno a supuestos aprestos reelecionistas del presidente Danilo Medina respondi\u00f3 que ese tema no ha sido tocado por el  primer mandatario, y que \u00e9ste lo que est\u00e1  concentrado es en hacer un buen gobierno.<\/p>\n<h6> 2018-03-23 12:16:02 <\/h6>\n<p><!--\n<link rel=\"stylesheet\" href=\"css\/bootstrap.min.css\">\n\n\n<ul class=\"pagination\">\n\t    \n\t\n\n<li >\n\t<a href='?page_no=6354'>Previous<\/a>\n\t<\/li>\n\n\n       \n    \n\n<li><a href='?page_no=1'>1<\/a><\/li>\n\n\n\n<li><a href='?page_no=2'>2<\/a><\/li>\n\n\n\n<li><a>...<\/a><\/li>\n\n\n\n<li><a href='?page_no=6353'>6353<\/a><\/li>\n\n\n\n<li><a href='?page_no=6354'>6354<\/a><\/li>\n\n\n\n<li class='active'><a>6355<\/a><\/li>\n\n\n\n<li><a href='?page_no=6356'>6356<\/a><\/li>\n\n\n\n<li><a href='?page_no=6357'>6357<\/a><\/li>\n\n\n\n<li><a>...<\/a><\/li>\n\n\n\n<li><a href='?page_no=36999'>36999<\/a><\/li>\n\n\n\n<li><a href='?page_no=37000'>37000<\/a><\/li>\n\n    \n\t\n\n<li >\n\t<a href='?page_no=6356'>Next<\/a>\n\t<\/li>\n\n\n    \n\n<li><a href='?page_no=37000'>Last &rsaquo;&rsaquo;<\/a><\/li>\n\n<\/ul>\n\n\n--><br \/>\n<\/body><\/p>\n","protected":false},"excerpt":{"rendered":"<p>El senador del Partido de la Liberaci\u00f3n Dominicana por la provincia Azua, Rafael Calder\u00f3n, afirm\u00f3 que no existe en la historia democr\u00e1tica de la Rep\u00fablica Dominicana un gobierno que haya hecho m\u00e1s esfuerzos para lograr el manejo transparente de los recursos p\u00fablicos que los presididos por el PLD. Calder\u00f3n, tambi\u00e9n miembro del Comit\u00e9 Central del [&hellip;]<\/p>\n","protected":false},"author":3,"featured_media":0,"comment_status":"open","ping_status":"open","sticky":false,"template":"","format":"standard","meta":{"footnotes":""},"categories":[22],"tags":[],"class_list":["post-171006","post","type-post","status-publish","format-standard","hentry","category-politica"],"_links":{"self":[{"href":"https:\/\/diariodominicano.com\/index.php?rest_route=\/wp\/v2\/posts\/171006","targetHints":{"allow":["GET"]}}],"collection":[{"href":"https:\/\/diariodominicano.com\/index.php?rest_route=\/wp\/v2\/posts"}],"about":[{"href":"https:\/\/diariodominicano.com\/index.php?rest_route=\/wp\/v2\/types\/post"}],"author":[{"embeddable":true,"href":"https:\/\/diariodominicano.com\/index.php?rest_route=\/wp\/v2\/users\/3"}],"replies":[{"embeddable":true,"href":"https:\/\/diariodominicano.com\/index.php?rest_route=%2Fwp%2Fv2%2Fcomments&post=171006"}],"version-history":[{"count":0,"href":"https:\/\/diariodominicano.com\/index.php?rest_route=\/wp\/v2\/posts\/171006\/revisions"}],"wp:attachment":[{"href":"https:\/\/diariodominicano.com\/index.php?rest_route=%2Fwp%2Fv2%2Fmedia&parent=171006"}],"wp:term":[{"taxonomy":"category","embeddable":true,"href":"https:\/\/diariodominicano.com\/index.php?rest_route=%2Fwp%2Fv2%2Fcategories&post=171006"},{"taxonomy":"post_tag","embeddable":true,"href":"https:\/\/diariodominicano.com\/index.php?rest_route=%2Fwp%2Fv2%2Ftags&post=171006"}],"curies":[{"name":"wp","href":"https:\/\/api.w.org\/{rel}","templated":true}]}}