{"id":171005,"date":"2018-03-23T13:01:06","date_gmt":"2018-03-23T13:01:06","guid":{"rendered":"http:\/\/diariodominicano.ddns.net\/?p=171005"},"modified":"2018-03-23T13:01:06","modified_gmt":"2018-03-23T13:01:06","slug":"economistas-peledeistas-escogen-en-elecciones-abiertas-los-integrantes-de-la-plancha-que-competira-en-las-elecciones-del-codeco","status":"publish","type":"post","link":"https:\/\/diariodominicano.com\/?p=171005","title":{"rendered":"Economistas peledeistas escogen en elecciones abiertas los integrantes de la plancha que competir\u00e1 en las elecciones del CODECO"},"content":{"rendered":"<p><body><\/p>\n<p><img decoding=\"async\" src=\"img3\/vot2.jpg\" \/><br \/><img decoding=\"async\" src=\"img3\/vot3.jpg\" \/>  <\/p>\n<p>Este viernes 23 de marzo queda conformada la plancha de la corriente Dignidad  Gremial  Econ\u00f3mica y del Partido de la Liberaci\u00f3n Dominicana (PLD) que se disputar\u00e1 la presidencia del Colegio Dominicano de Economistas (CODECO)<\/p>\n<\/p>\n<p>As\u00ed lo expres\u00f3 Emilio Florentino,  coordinador de la comisi\u00f3n electoral, durante el proceso de elecci\u00f3n del candidato que encabezar\u00e1 la  plancha que presentaran a los comicios, programados para junio pr\u00f3ximo<\/p>\n<\/p>\n<p>Las votaciones iniciaron a las diez de la ma\u00f1ana en  la Casa Nacional del PLD y se votar\u00e1   durante todo el d\u00eda hasta  las seis de la tarde, hora programada para el cierre y el inicio del escrutinio.<\/p>\n<\/p>\n<p>\u00abEl proceso inici\u00f3 normalmente a las diez de la ma\u00f1ana,  como estaba programado, estamos para finalizar a las seis de la tarde\u00bb, inform\u00f3 Florentino, quien resalt\u00f3 el alto nivel de participaci\u00f3n de los profesionales de la econom\u00eda quienes  han acudido a la sede nacional del PLD<\/p>\n<\/p>\n<p>Florentino se mostr\u00f3 impresionado por la cantidad profesionales que se dieron cita desde primera hora de la ma\u00f1ana, se\u00f1alando que est\u00e1 \u00abSorprendido. No esperaba una afluencia tan masiva de economista\u00bb<\/p>\n<\/p>\n<p>Inform\u00f3 que El padr\u00f3n habilitado para votar tiene cerca de 800 economistas, de los cuales estar\u00edan votando una gran cantidad seg\u00fan la alta participaci\u00f3n antes del mediod\u00eda de este viernes<\/p>\n<\/p>\n<p>Hizo la aclaraci\u00f3n que el Colegio Dominicano de Economistas (CODECO) como instituci\u00f3n, no ha dado fecha fija para  sus elecciones generales, sin embargo, el PLD da los pasos de lugar para llevar la plancha ganadora en la escogencia de dicho gremio.<\/p>\n<\/p>\n<p>La comisi\u00f3n electoral organizadora de las elecciones para elegir al candidato representante de la plancha del PLD, al CODECO est\u00e1 presidida por Emilio Florentino e integrada por Pedro Matos y Rufino Morales<\/p>\n<\/p>\n<p>Bernardino Pichardo es actual Presidente del Colegio de Economista y de la corriente gremial de los economistas peledeistas en tanto que las planchas que compiten est\u00e1n encabezadas por Nicol\u00e1s Jim\u00e9nez y Alejandro de Jes\u00fas, respectivamente.<\/p>\n<h6> 2018-03-23 13:01:06 <\/h6>\n<p><!--\n<link rel=\"stylesheet\" href=\"css\/bootstrap.min.css\">\n\n\n<ul class=\"pagination\">\n\t    \n\t\n\n<li >\n\t<a href='?page_no=6353'>Previous<\/a>\n\t<\/li>\n\n\n       \n    \n\n<li><a href='?page_no=1'>1<\/a><\/li>\n\n\n\n<li><a href='?page_no=2'>2<\/a><\/li>\n\n\n\n<li><a>...<\/a><\/li>\n\n\n\n<li><a href='?page_no=6352'>6352<\/a><\/li>\n\n\n\n<li><a href='?page_no=6353'>6353<\/a><\/li>\n\n\n\n<li class='active'><a>6354<\/a><\/li>\n\n\n\n<li><a href='?page_no=6355'>6355<\/a><\/li>\n\n\n\n<li><a href='?page_no=6356'>6356<\/a><\/li>\n\n\n\n<li><a>...<\/a><\/li>\n\n\n\n<li><a href='?page_no=36999'>36999<\/a><\/li>\n\n\n\n<li><a href='?page_no=37000'>37000<\/a><\/li>\n\n    \n\t\n\n<li >\n\t<a href='?page_no=6355'>Next<\/a>\n\t<\/li>\n\n\n    \n\n<li><a href='?page_no=37000'>Last &rsaquo;&rsaquo;<\/a><\/li>\n\n<\/ul>\n\n\n--><br \/>\n<\/body><\/p>\n","protected":false},"excerpt":{"rendered":"<p>Este viernes 23 de marzo queda conformada la plancha de la corriente Dignidad Gremial Econ\u00f3mica y del Partido de la Liberaci\u00f3n Dominicana (PLD) que se disputar\u00e1 la presidencia del Colegio Dominicano de Economistas (CODECO) As\u00ed lo expres\u00f3 Emilio Florentino, coordinador de la comisi\u00f3n electoral, durante el proceso de elecci\u00f3n del candidato que encabezar\u00e1 la plancha [&hellip;]<\/p>\n","protected":false},"author":3,"featured_media":0,"comment_status":"open","ping_status":"open","sticky":false,"template":"","format":"standard","meta":{"footnotes":""},"categories":[22],"tags":[],"class_list":["post-171005","post","type-post","status-publish","format-standard","hentry","category-politica"],"_links":{"self":[{"href":"https:\/\/diariodominicano.com\/index.php?rest_route=\/wp\/v2\/posts\/171005","targetHints":{"allow":["GET"]}}],"collection":[{"href":"https:\/\/diariodominicano.com\/index.php?rest_route=\/wp\/v2\/posts"}],"about":[{"href":"https:\/\/diariodominicano.com\/index.php?rest_route=\/wp\/v2\/types\/post"}],"author":[{"embeddable":true,"href":"https:\/\/diariodominicano.com\/index.php?rest_route=\/wp\/v2\/users\/3"}],"replies":[{"embeddable":true,"href":"https:\/\/diariodominicano.com\/index.php?rest_route=%2Fwp%2Fv2%2Fcomments&post=171005"}],"version-history":[{"count":0,"href":"https:\/\/diariodominicano.com\/index.php?rest_route=\/wp\/v2\/posts\/171005\/revisions"}],"wp:attachment":[{"href":"https:\/\/diariodominicano.com\/index.php?rest_route=%2Fwp%2Fv2%2Fmedia&parent=171005"}],"wp:term":[{"taxonomy":"category","embeddable":true,"href":"https:\/\/diariodominicano.com\/index.php?rest_route=%2Fwp%2Fv2%2Fcategories&post=171005"},{"taxonomy":"post_tag","embeddable":true,"href":"https:\/\/diariodominicano.com\/index.php?rest_route=%2Fwp%2Fv2%2Ftags&post=171005"}],"curies":[{"name":"wp","href":"https:\/\/api.w.org\/{rel}","templated":true}]}}