{"id":171004,"date":"2018-03-23T13:05:52","date_gmt":"2018-03-23T13:05:52","guid":{"rendered":"http:\/\/diariodominicano.ddns.net\/?p=171004"},"modified":"2018-03-23T13:05:52","modified_gmt":"2018-03-23T13:05:52","slug":"congresista-adriano-espaillat-asegura-aumento-de-fondos-vitales-para-la-ciudad-de-ny-en-proyecto-de-ley-omnibus","status":"publish","type":"post","link":"https:\/\/diariodominicano.com\/?p=171004","title":{"rendered":"Congresista Adriano Espaillat asegura aumento de fondos vitales para la ciudad de NY en proyecto de ley Omnibus"},"content":{"rendered":"<p><body><\/p>\n<p><img decoding=\"async\" src=\"img3\/adri111.jpg\" \/>  <\/p>\n<p>WASHINGTON, D.C. ? El congresista Adriano Espaillat (NY-13) emiti\u00f3 hoy la siguiente declaraci\u00f3n sobre su exitoso impulso para aumentar el financiamiento a la vivienda de la Ciudad de Nueva York y al NIH en el \u00d3mnibus del a\u00f1o fiscal 2018.<\/p>\n<\/p>\n<p>\u00abEl paquete de financiaci\u00f3n \u00d3mnibus del a\u00f1o fiscal 2018 incluye fondos cr\u00edticos para las prioridades que m\u00e1s importan a las familias trabajadoras. Las inversiones en cuidado infantil, infraestructura y vivienda, investigaci\u00f3n m\u00e9dica y tratamiento para combatir la crisis de opi\u00e1ceos, servicios de salud para veteranos y mucho m\u00e1s, tendr\u00e1n un tremendo impacto en la salud, la estabilidad y el bienestar de las personas y las familias en las comunidades de toda la naci\u00f3n.<\/p>\n<\/p>\n<p>\u00abMe enorgulleci\u00f3 encabezar una carta de la Delegaci\u00f3n de Nueva York en la que se abogaba por un mayor financiamiento para los Institutos Nacionales de Salud (NIH). Como resultado de nuestro arduo trabajo, esta ley de gastos aumenta los fondos de los NIH en $3 mil millones para un total de $37 mil millones. Investigadores m\u00e9dicos, institutos y universidades, as\u00ed como pacientes en el Distrito Congresual 13 de Nueva York y en todo el pa\u00eds se beneficiar\u00e1n directamente de este aumento cr\u00edtico de fondos para la investigaci\u00f3n m\u00e9dica.<\/p>\n<\/p>\n<p>\u00abA trav\u00e9s de mi impulso dentro de la C\u00e1mara, pude asegurar exitosamente un lenguaje cr\u00edtico en este paquete \u00d3mnibus para salvar Lakeview Apartments, uno de los \u00faltimos edificios que quedan bajo el programa Mitchell-Lama en Harlem. Al hacer que la asistencia federal para vivienda coincida con la \u00abcalle\u00bb del edificio, no con el alquiler de mercado, mi lenguaje legislativo ayudar\u00e1 a mantener las 446 unidades residenciales a precios asequibles para las personas, familias y personas mayores que llaman hogar al Lakeview.<\/p>\n<\/p>\n<p>\u00abEl a\u00f1o pasado testifiqu\u00e9 ante el Comit\u00e9 de Apropiaciones e intervine para lograr la inclusi\u00f3n exitosa de aumentos de capital a la vivienda p\u00fablica, aumentos a HOME, que beneficia a la vivienda para personas mayores, Subvenciones en Bloque para Desarrollo Comunitario, subsidios para personas sin hogar y para comprobantes de Secci\u00f3n 8. Tambi\u00e9n me complaci\u00f3 ver un aumento de un 12.5% en la asignaci\u00f3n del Cr\u00e9dito Fiscal para Viviendas de Bajos Ingresos (LIHTC), que con suerte servir\u00e1 como un incentivo para invertir en viviendas m\u00e1s asequibles. La vivienda asequible es esencial para las comunidades exitosas, y continuar\u00e9 mi lucha para ayudar a garantizar y preservar la asequibilidad de la vivienda para los neoyorquinos y los residentes de nuestras comunidades\u00bb. <\/p>\n<\/p>\n<p>Elegido al Congreso en 2016, el congresista Adriano Espaillat est\u00e1 cumpliendo su primer mandato en el Congreso, donde sirve como miembro del influyente Comit\u00e9 de Asuntos Exteriores, del Comit\u00e9 de Educaci\u00f3n y Fuerza Laboral, y del Comit\u00e9 Especial de Peque\u00f1os Negocios de la C\u00e1mara de Representantes de los Estados Unidos. Es miembro del Caucus Hispano del Congreso (CHC) y desempe\u00f1a un papel de liderazgo como Representante de primer a\u00f1o de CHC en el Caucus Dem\u00f3crata. Adem\u00e1s, es presidente del Grupo de Trabajo sobre Transporte, Infraestructura y Vivienda del CHC. El Distrito Congresual del congresista Espaillat incluye Harlem, East Harlem, el norte de Manhattan y el noroeste de El Bronx. Para obtener m\u00e1s informaci\u00f3n sobre el congresista Espaillat, visite la p\u00e1gina de internet https:\/\/espaillat.house.gov\/.<\/p>\n<\/p>\n<p>Preguntas de la prensa: Candace Randle Person en Candace.Person@mail.house.gov<\/p>\n<\/p>\n<h6> 2018-03-23 13:05:52 <\/h6>\n<p><!--\n<link rel=\"stylesheet\" href=\"css\/bootstrap.min.css\">\n\n\n<ul class=\"pagination\">\n\t    \n\t\n\n<li >\n\t<a href='?page_no=6352'>Previous<\/a>\n\t<\/li>\n\n\n       \n    \n\n<li><a href='?page_no=1'>1<\/a><\/li>\n\n\n\n<li><a href='?page_no=2'>2<\/a><\/li>\n\n\n\n<li><a>...<\/a><\/li>\n\n\n\n<li><a href='?page_no=6351'>6351<\/a><\/li>\n\n\n\n<li><a href='?page_no=6352'>6352<\/a><\/li>\n\n\n\n<li class='active'><a>6353<\/a><\/li>\n\n\n\n<li><a href='?page_no=6354'>6354<\/a><\/li>\n\n\n\n<li><a href='?page_no=6355'>6355<\/a><\/li>\n\n\n\n<li><a>...<\/a><\/li>\n\n\n\n<li><a href='?page_no=36999'>36999<\/a><\/li>\n\n\n\n<li><a href='?page_no=37000'>37000<\/a><\/li>\n\n    \n\t\n\n<li >\n\t<a href='?page_no=6354'>Next<\/a>\n\t<\/li>\n\n\n    \n\n<li><a href='?page_no=37000'>Last &rsaquo;&rsaquo;<\/a><\/li>\n\n<\/ul>\n\n\n--><br \/>\n<\/body><\/p>\n","protected":false},"excerpt":{"rendered":"<p>WASHINGTON, D.C. ? El congresista Adriano Espaillat (NY-13) emiti\u00f3 hoy la siguiente declaraci\u00f3n sobre su exitoso impulso para aumentar el financiamiento a la vivienda de la Ciudad de Nueva York y al NIH en el \u00d3mnibus del a\u00f1o fiscal 2018. \u00abEl paquete de financiaci\u00f3n \u00d3mnibus del a\u00f1o fiscal 2018 incluye fondos cr\u00edticos para las prioridades [&hellip;]<\/p>\n","protected":false},"author":3,"featured_media":0,"comment_status":"open","ping_status":"open","sticky":false,"template":"","format":"standard","meta":{"footnotes":""},"categories":[22],"tags":[],"class_list":["post-171004","post","type-post","status-publish","format-standard","hentry","category-politica"],"_links":{"self":[{"href":"https:\/\/diariodominicano.com\/index.php?rest_route=\/wp\/v2\/posts\/171004","targetHints":{"allow":["GET"]}}],"collection":[{"href":"https:\/\/diariodominicano.com\/index.php?rest_route=\/wp\/v2\/posts"}],"about":[{"href":"https:\/\/diariodominicano.com\/index.php?rest_route=\/wp\/v2\/types\/post"}],"author":[{"embeddable":true,"href":"https:\/\/diariodominicano.com\/index.php?rest_route=\/wp\/v2\/users\/3"}],"replies":[{"embeddable":true,"href":"https:\/\/diariodominicano.com\/index.php?rest_route=%2Fwp%2Fv2%2Fcomments&post=171004"}],"version-history":[{"count":0,"href":"https:\/\/diariodominicano.com\/index.php?rest_route=\/wp\/v2\/posts\/171004\/revisions"}],"wp:attachment":[{"href":"https:\/\/diariodominicano.com\/index.php?rest_route=%2Fwp%2Fv2%2Fmedia&parent=171004"}],"wp:term":[{"taxonomy":"category","embeddable":true,"href":"https:\/\/diariodominicano.com\/index.php?rest_route=%2Fwp%2Fv2%2Fcategories&post=171004"},{"taxonomy":"post_tag","embeddable":true,"href":"https:\/\/diariodominicano.com\/index.php?rest_route=%2Fwp%2Fv2%2Ftags&post=171004"}],"curies":[{"name":"wp","href":"https:\/\/api.w.org\/{rel}","templated":true}]}}