{"id":171003,"date":"2018-03-23T13:24:53","date_gmt":"2018-03-23T13:24:53","guid":{"rendered":"http:\/\/diariodominicano.ddns.net\/?p=171003"},"modified":"2018-03-23T13:24:53","modified_gmt":"2018-03-23T13:24:53","slug":"corte-suprema-brasilena-aplaza-juicio-sobre-habeas-corpus-de-lula","status":"publish","type":"post","link":"https:\/\/diariodominicano.com\/?p=171003","title":{"rendered":"Corte Suprema brasile\u00f1a aplaza juicio sobre \u00abhabeas corpus\u00bb de Lula"},"content":{"rendered":"<p><body><\/p>\n<p><img decoding=\"async\" src=\"img3\/137058686_15217699262231n.jpg\" \/><br \/><img decoding=\"async\" src=\"img3\/137058686_1521767908484_title0h.jpg\" \/><br \/><img decoding=\"async\" src=\"img3\/137058686_15217699262961n.jpg\" \/>  <\/p>\n<\/p>\n<p> <strong>RIO GRANDE DO SUL, marzo 22, 2018 (Xinhua) &#8212; El expresidente de Brasil, Luiz In\u00e1cio Lula da Silva (2-d), conversa con personas durante una visita a la ciudad de Sao Miguel das Missoes, en el estado de Rio Grande do Sul, Brasil, el 22 de marzo de 2018. La Corte Suprema brasile\u00f1a aplaz\u00f3 el mi\u00e9rcoles al pr\u00f3ximo 4 de abril el juicio sobre el \u00abhabeas corpus\u00bb presentado por la defensa del expresidente Luiz In\u00e1cio Lula da Silva (2003-2010), condenado a 12 a\u00f1os y un mes de prisi\u00f3n en segunda instancia, y decidi\u00f3 que el exmandatario no puede ser apresado antes de analizar el recurso. (Xinhua\/Ricardo Marchetti\/Agencia F8\/AGENCIA ESTADO)<\/strong><\/p>\n<p><strong>RIO DE JANEIRO, 22 mar (Xinhua) &#8211;<\/strong>&#8211; La Corte Suprema brasile\u00f1a aplaz\u00f3 hoy al pr\u00f3ximo mi\u00e9rcoles 4 de abril el juicio sobre el \u00abhabeas corpus\u00bb presentado por la defensa del ex presidente Luiz In\u00e1cio Lula da Silva (2003-2010), condenado a 12 a\u00f1os y un mes de prisi\u00f3n en segunda instancia, y decidi\u00f3 que el ex mandatario no puede ser apresado antes de analizar el recurso.<\/p>\n<\/p>\n<p>En una larga sesi\u00f3n, el Supremo Tribunal Federal (STF) decidi\u00f3 por 7 votos a 4 que el plenario de la Corte debe juzgar el \u00abhabeas corpus\u00bb presentado por la defensa de Lula, aunque aplaz\u00f3 al 4 de abril la decisi\u00f3n sobre si acepta o no el recurso de la defensa del ex mandatario.<\/p>\n<\/p>\n<p>La Corte Suprema, por 6 votos a 5, acept\u00f3 tambi\u00e9n una medida cautelar pedida horas antes por el abogado de Lula, Jos\u00e9 Roberto Batochio, para que el ex presidente no pueda ser apresado antes de que se juzgue el \u00abhabeas corpus\u00bb.<\/p>\n<\/p>\n<p>Lula fue condenado el pasado 24 de enero a 12 a\u00f1os y un mes de prisi\u00f3n por un tribunal de segunda instancia, acusado de corrupci\u00f3n pasiva y lavado de dinero en el marco del gigantesco caso de corruptelas en la petrolera estatal Petrobras.<\/p>\n<\/p>\n<p><strong>SAO PAULO, marzo 22, 2018 (Xinhua) &#8212; Una persona sostiene una pancarta durante una protesta en demanda de prisi\u00f3n para el expresidente brasile\u00f1o, Luis In\u00e1cio Lula da Silva, en Sao Paulo, Brasil, el 22 de marzo de 2018. El Supremo Tribunal Federal (STF) de Brasil convoc\u00f3 para el jueves el juicio sobre el recurso de habeas corpus presentado por la defensa del expresidente brasile\u00f1o, Luiz In\u00e1cio Lula da Silva (2003-2010). La presidenta de la Corte Suprema de Brasil, Carmen Lucia Antunes, asegur\u00f3 que el tribunal juzgar\u00e1 el recurso de Lula debido a la \u00aburgencia\u00bb del caso, \u00abpor no haber la posibilidad de pauta anterior y porque el plazo es corto y la semana que viene tendremos Semana Santa\u00bb. En caso de que la mayor\u00eda de los 11 jueces de la STF acepten el pedido, el ex presidente evitar\u00e1 ir a prisi\u00f3n, tras haber sido condenado en segunda instancia. (Xinhua\/Rahel Patrasso)<\/strong><\/p>\n<\/p>\n<p>Anteriormente, Lula hab\u00eda sido condenado a nueve a\u00f1os y medio de prisi\u00f3n por el juez federal Sergio Moro, responsable en primera instancia de las corruptelas alrededor de Petrobras, aunque present\u00f3 un recurso ante un tribunal de apelaciones.<\/p>\n<\/p>\n<p>El ex mandatario est\u00e1 acusado de haber recibido supuestamente un apartamento tr\u00edplex en el litoral de Sao Paulo de manos de la constructora OAS, a cambio de favorecerla desde el poder, algo que niega.<\/p>\n<\/p>\n<p>Tras ser condenado en segunda instancia, la defensa del mandatario present\u00f3 un pedido de \u00abhabeas corpus\u00bb ante la Corte Suprema para evitar que ingrese a prisi\u00f3n.<\/p>\n<\/p>\n<p>Los jueces del Tribunal Supremo deben decidir ahora si Lula puede responder en libertad hasta que agote todos los recursos posibles ante los tribunales superiores, o si debe entrar ya en prisi\u00f3n.<\/p>\n<\/p>\n<p><strong>SAO PAULO, marzo 22, 2018 (Xinhua) &#8212; Una persona sostiene una pancarta durante una protesta en demanda de prisi\u00f3n para el expresidente brasile\u00f1o, Luis In\u00e1cio Lula da Silva, en Sao Paulo, Brasil, el 22 de marzo de 2018. El Supremo Tribunal Federal (STF) de Brasil convoc\u00f3 para el jueves el juicio sobre el recurso de habeas corpus presentado por la defensa del expresidente brasile\u00f1o, Luiz In\u00e1cio Lula da Silva (2003-2010). La presidenta de la Corte Suprema de Brasil, Carmen Lucia Antunes, asegur\u00f3 que el tribunal juzgar\u00e1 el recurso de Lula debido a la \u00aburgencia\u00bb del caso, \u00abpor no haber la posibilidad de pauta anterior y porque el plazo es corto y la semana que viene tendremos Semana Santa\u00bb. En caso de que la mayor\u00eda de los 11 jueces de la STF acepten el pedido, el ex presidente evitar\u00e1 ir a prisi\u00f3n, tras haber sido condenado en segunda instancia. (Xinhua\/Rahel Patrasso)<\/strong><\/p>\n<\/p>\n<p>El ex presidente brasile\u00f1o lidera todos los sondeos de intenci\u00f3n de voto de cara a las elecciones presidenciales de octubre, aunque podr\u00eda quedar inhabilitado si es condenado.<\/p>\n<\/p>\n<p>El ex mandatario tiene otras cinco causas abiertas en la Justicia, tambi\u00e9n en el marco del caso Petrobras.<\/p>\n<\/p>\n<h6> 2018-03-23 13:24:53 <\/h6>\n<p><!--\n<link rel=\"stylesheet\" href=\"css\/bootstrap.min.css\">\n\n\n<ul class=\"pagination\">\n\t    \n\t\n\n<li >\n\t<a href='?page_no=6351'>Previous<\/a>\n\t<\/li>\n\n\n       \n    \n\n<li><a href='?page_no=1'>1<\/a><\/li>\n\n\n\n<li><a href='?page_no=2'>2<\/a><\/li>\n\n\n\n<li><a>...<\/a><\/li>\n\n\n\n<li><a href='?page_no=6350'>6350<\/a><\/li>\n\n\n\n<li><a href='?page_no=6351'>6351<\/a><\/li>\n\n\n\n<li class='active'><a>6352<\/a><\/li>\n\n\n\n<li><a href='?page_no=6353'>6353<\/a><\/li>\n\n\n\n<li><a href='?page_no=6354'>6354<\/a><\/li>\n\n\n\n<li><a>...<\/a><\/li>\n\n\n\n<li><a href='?page_no=36999'>36999<\/a><\/li>\n\n\n\n<li><a href='?page_no=37000'>37000<\/a><\/li>\n\n    \n\t\n\n<li >\n\t<a href='?page_no=6353'>Next<\/a>\n\t<\/li>\n\n\n    \n\n<li><a href='?page_no=37000'>Last &rsaquo;&rsaquo;<\/a><\/li>\n\n<\/ul>\n\n\n--><br \/>\n<\/body><\/p>\n","protected":false},"excerpt":{"rendered":"<p>RIO GRANDE DO SUL, marzo 22, 2018 (Xinhua) &#8212; El expresidente de Brasil, Luiz In\u00e1cio Lula da Silva (2-d), conversa con personas durante una visita a la ciudad de Sao Miguel das Missoes, en el estado de Rio Grande do Sul, Brasil, el 22 de marzo de 2018. La Corte Suprema brasile\u00f1a aplaz\u00f3 el mi\u00e9rcoles [&hellip;]<\/p>\n","protected":false},"author":3,"featured_media":0,"comment_status":"open","ping_status":"open","sticky":false,"template":"","format":"standard","meta":{"footnotes":""},"categories":[22],"tags":[],"class_list":["post-171003","post","type-post","status-publish","format-standard","hentry","category-politica"],"_links":{"self":[{"href":"https:\/\/diariodominicano.com\/index.php?rest_route=\/wp\/v2\/posts\/171003","targetHints":{"allow":["GET"]}}],"collection":[{"href":"https:\/\/diariodominicano.com\/index.php?rest_route=\/wp\/v2\/posts"}],"about":[{"href":"https:\/\/diariodominicano.com\/index.php?rest_route=\/wp\/v2\/types\/post"}],"author":[{"embeddable":true,"href":"https:\/\/diariodominicano.com\/index.php?rest_route=\/wp\/v2\/users\/3"}],"replies":[{"embeddable":true,"href":"https:\/\/diariodominicano.com\/index.php?rest_route=%2Fwp%2Fv2%2Fcomments&post=171003"}],"version-history":[{"count":0,"href":"https:\/\/diariodominicano.com\/index.php?rest_route=\/wp\/v2\/posts\/171003\/revisions"}],"wp:attachment":[{"href":"https:\/\/diariodominicano.com\/index.php?rest_route=%2Fwp%2Fv2%2Fmedia&parent=171003"}],"wp:term":[{"taxonomy":"category","embeddable":true,"href":"https:\/\/diariodominicano.com\/index.php?rest_route=%2Fwp%2Fv2%2Fcategories&post=171003"},{"taxonomy":"post_tag","embeddable":true,"href":"https:\/\/diariodominicano.com\/index.php?rest_route=%2Fwp%2Fv2%2Ftags&post=171003"}],"curies":[{"name":"wp","href":"https:\/\/api.w.org\/{rel}","templated":true}]}}