{"id":171002,"date":"2018-03-24T16:35:30","date_gmt":"2018-03-24T16:35:30","guid":{"rendered":"http:\/\/diariodominicano.ddns.net\/?p=171002"},"modified":"2018-03-24T16:35:30","modified_gmt":"2018-03-24T16:35:30","slug":"destacan-proyecto-presidencial-leonel-2020","status":"publish","type":"post","link":"https:\/\/diariodominicano.com\/?p=171002","title":{"rendered":"&#13;Destacan proyecto presidencial Leonel 2020"},"content":{"rendered":"<p><body><\/p>\n<p><img decoding=\"async\" src=\"img3\/leonel.jpg\" \/>  <\/p>\n<\/p>\n<p><strong><span class=\"text1noticias\">SANTO DOMINGO, RD, 24 de marzo de 2018.-<\/span><\/strong><span class=\"text1noticias\"> El Movimiento de apoyo al  Proyecto Presidencial Leonel 2020, cuyo Coordinador General es el ingeniero Mario Holgu\u00edn, asever\u00f3 que  con tres semanas de trabajo conform\u00f3 una estructura de 135 coordinadores.<\/span><\/p>\n<\/p>\n<p><span class=\"text1noticias\">5G se refiere a la quinta generaci\u00f3n tecnol\u00f3gica que entrar\u00e1 en uso masivo para beneficio de la humanidad en el a\u00f1o 2020. El movimiento denominado Leonel 5G surge en apoyo a la candidatura presidencial del doctor Leonel Fern\u00e1ndez para ese mismo a\u00f1o.<\/span><\/p>\n<\/p>\n<p><span class=\"text1noticias\">El Ex Presidente Leonel Fern\u00e1ndez sin dudas es el promotor m\u00e1s genuino de las tecnolog\u00edas para el desarrollo y el progreso de la sociedad dominicana. Su propuesta RD2044 recoge su pensamiento, su visi\u00f3n y sus actuaciones para una Rep\u00fablica Dominicana m\u00e1s moderna y tecnol\u00f3gica, expres\u00f3 el ingeniero Holgu\u00edn, acerca de las razones por las cuales, se ha denominado a este movimiento \u00abLeonel 5G\u00bb. <\/span><\/p>\n<\/p>\n<p><span class=\"text1noticias\">Nos identificamos con Leonel  y su proyecto de naci\u00f3n. Se\u00f1al\u00f3 adem\u00e1s, que a partir de  la fecha pasan a otra fase de la estructuraci\u00f3n de este instrumento de trabajo pol\u00edtico para promover la unidad del PLD y la buena  gesti\u00f3n del Presidente Medina.<\/span><\/p>\n<\/p>\n<p><span class=\"text1noticias\">Actitud que se debe mantener a lo interno del Partido de la Liberaci\u00f3n Dominicana para asegurar el retorno de Leonel Fern\u00e1ndez al Palacio Nacional en el 2020 junto a la nueva era tecnol\u00f3gica de la humanidad. As\u00ed como entr\u00f3 en el 1996 en su primer gobierno, con la era del Internet. Agreg\u00f3.<\/span><\/p>\n<\/p>\n<p><span class=\"text1noticias\">Estuvieron presente el Dr. RADHAMES JIM\u00c9NEZ del  Comit\u00e9 Pol\u00edtico del PLD y Director General del Proyecto Leonel 2020; ANA SILVIA MORONTA, COORDINADORA DEL COLECTIVO LF. Adem\u00e1s, el Ing. Jos\u00e9 Luis Mones, Radhames Santana y Cornelio Bouma, entre otros.<\/span><\/p>\n<\/p>\n<p><span class=\"text1noticias\">Para el 29 de abril, L5G prev\u00e9 su segunda ASAMBLEA EVALUATIVA  de  COORDINADORES.<\/span><\/p>\n<h6> 2018-03-24 16:35:30 <\/h6>\n<p><!--\n<link rel=\"stylesheet\" href=\"css\/bootstrap.min.css\">\n\n\n<ul class=\"pagination\">\n\t    \n\t\n\n<li >\n\t<a href='?page_no=6350'>Previous<\/a>\n\t<\/li>\n\n\n       \n    \n\n<li><a href='?page_no=1'>1<\/a><\/li>\n\n\n\n<li><a href='?page_no=2'>2<\/a><\/li>\n\n\n\n<li><a>...<\/a><\/li>\n\n\n\n<li><a href='?page_no=6349'>6349<\/a><\/li>\n\n\n\n<li><a href='?page_no=6350'>6350<\/a><\/li>\n\n\n\n<li class='active'><a>6351<\/a><\/li>\n\n\n\n<li><a href='?page_no=6352'>6352<\/a><\/li>\n\n\n\n<li><a href='?page_no=6353'>6353<\/a><\/li>\n\n\n\n<li><a>...<\/a><\/li>\n\n\n\n<li><a href='?page_no=36999'>36999<\/a><\/li>\n\n\n\n<li><a href='?page_no=37000'>37000<\/a><\/li>\n\n    \n\t\n\n<li >\n\t<a href='?page_no=6352'>Next<\/a>\n\t<\/li>\n\n\n    \n\n<li><a href='?page_no=37000'>Last &rsaquo;&rsaquo;<\/a><\/li>\n\n<\/ul>\n\n\n--><br \/>\n<\/body><\/p>\n","protected":false},"excerpt":{"rendered":"<p>SANTO DOMINGO, RD, 24 de marzo de 2018.- El Movimiento de apoyo al Proyecto Presidencial Leonel 2020, cuyo Coordinador General es el ingeniero Mario Holgu\u00edn, asever\u00f3 que con tres semanas de trabajo conform\u00f3 una estructura de 135 coordinadores. 5G se refiere a la quinta generaci\u00f3n tecnol\u00f3gica que entrar\u00e1 en uso masivo para beneficio de la [&hellip;]<\/p>\n","protected":false},"author":3,"featured_media":0,"comment_status":"open","ping_status":"open","sticky":false,"template":"","format":"standard","meta":{"footnotes":""},"categories":[22],"tags":[],"class_list":["post-171002","post","type-post","status-publish","format-standard","hentry","category-politica"],"_links":{"self":[{"href":"https:\/\/diariodominicano.com\/index.php?rest_route=\/wp\/v2\/posts\/171002","targetHints":{"allow":["GET"]}}],"collection":[{"href":"https:\/\/diariodominicano.com\/index.php?rest_route=\/wp\/v2\/posts"}],"about":[{"href":"https:\/\/diariodominicano.com\/index.php?rest_route=\/wp\/v2\/types\/post"}],"author":[{"embeddable":true,"href":"https:\/\/diariodominicano.com\/index.php?rest_route=\/wp\/v2\/users\/3"}],"replies":[{"embeddable":true,"href":"https:\/\/diariodominicano.com\/index.php?rest_route=%2Fwp%2Fv2%2Fcomments&post=171002"}],"version-history":[{"count":0,"href":"https:\/\/diariodominicano.com\/index.php?rest_route=\/wp\/v2\/posts\/171002\/revisions"}],"wp:attachment":[{"href":"https:\/\/diariodominicano.com\/index.php?rest_route=%2Fwp%2Fv2%2Fmedia&parent=171002"}],"wp:term":[{"taxonomy":"category","embeddable":true,"href":"https:\/\/diariodominicano.com\/index.php?rest_route=%2Fwp%2Fv2%2Fcategories&post=171002"},{"taxonomy":"post_tag","embeddable":true,"href":"https:\/\/diariodominicano.com\/index.php?rest_route=%2Fwp%2Fv2%2Ftags&post=171002"}],"curies":[{"name":"wp","href":"https:\/\/api.w.org\/{rel}","templated":true}]}}