{"id":171001,"date":"2018-03-24T16:59:09","date_gmt":"2018-03-24T16:59:09","guid":{"rendered":"http:\/\/diariodominicano.ddns.net\/?p=171001"},"modified":"2018-03-24T16:59:09","modified_gmt":"2018-03-24T16:59:09","slug":"apd-es-impostergable-la-entrada-en-vigencia-del-sistema-de-atencion-primaria-en-salud","status":"publish","type":"post","link":"https:\/\/diariodominicano.com\/?p=171001","title":{"rendered":"APD: Es impostergable la entrada en vigencia del sistema de Atenci\u00f3n Primaria en Salud"},"content":{"rendered":"<p><body><\/p>\n<p><img decoding=\"async\" src=\"img3\/carlos-Sanchez-FOTo.jpg\" \/>  <\/p>\n<\/p>\n<\/p>\n<p><span class=\"text1noticias\">Santo Domingo, D.N. El doctor Carlos S\u00e1nchez, secretario general de la Alianza por la Democracia (APD), dijo hoy que la calamitosa situaci\u00f3n de salud en la que se encuentra sumida el pa\u00eds requiere de la entrada inmediata del Sistema de Atenci\u00f3n Primaria en Salud, como forma de poner control a un conjunto de enfermedades prevenibles que est\u00e1n haciendo estragos en el territorio nacional. <\/span><\/p>\n<\/p>\n<p><span class=\"text1noticias\">Argument\u00f3 adem\u00e1s, que el actual sistema de salud no tiene control de los territorios y por eso no ha logrado reducir la incidencia y la mortalidad de muchas enfermedades que pueden ser f\u00e1cilmente prevenibles. <\/span><\/p>\n<\/p>\n<p><span class=\"text1noticias\">\u00abHoy d\u00eda, ning\u00fan dominicano sabe d\u00f3nde o cu\u00e1l es la unidad de salud que le corresponde para acudir en busca de servicios; que seg\u00fan la constituci\u00f3n es un derecho\u00bb, acot\u00f3. <\/span><\/p>\n<\/p>\n<p><span class=\"text1noticias\">La recurrencia que se ve en los brotes de dengue,  leptospirosis y, ahora, la malaria, se debe entre otras cosas, a la falta de un sistema de atenci\u00f3n que act\u00fae con visi\u00f3n preventiva y oportuna, enfatiz\u00f3. <\/span><\/p>\n<\/p>\n<p><span class=\"text1noticias\">Para Carlos S\u00e1nchez, los escasos recursos con la que se ha manejado el sistema nacional de salud durante tantos a\u00f1os es otro de los factores que necesita ser superado en lo inmediato. <\/span><\/p>\n<\/p>\n<\/p>\n<p><span class=\"text1noticias\">\u00abNo es posible que todav\u00eda estemos realizando estudios para saber c\u00f3mo vamos a conjurar la falta de recursos de todo tipo en los hospitales y que las provincias lejanas, como las que estan ubicadas en la frontera, no tengan el personal suficiente y adecuado para atender la poblaci\u00f3n, eso es negaci\u00f3n de derechos\u00bb, sostuvo. <\/span><\/p>\n<h6> 2018-03-24 16:59:09 <\/h6>\n<p><!--\n<link rel=\"stylesheet\" href=\"css\/bootstrap.min.css\">\n\n\n<ul class=\"pagination\">\n\t    \n\t\n\n<li >\n\t<a href='?page_no=6349'>Previous<\/a>\n\t<\/li>\n\n\n       \n    \n\n<li><a href='?page_no=1'>1<\/a><\/li>\n\n\n\n<li><a href='?page_no=2'>2<\/a><\/li>\n\n\n\n<li><a>...<\/a><\/li>\n\n\n\n<li><a href='?page_no=6348'>6348<\/a><\/li>\n\n\n\n<li><a href='?page_no=6349'>6349<\/a><\/li>\n\n\n\n<li class='active'><a>6350<\/a><\/li>\n\n\n\n<li><a href='?page_no=6351'>6351<\/a><\/li>\n\n\n\n<li><a href='?page_no=6352'>6352<\/a><\/li>\n\n\n\n<li><a>...<\/a><\/li>\n\n\n\n<li><a href='?page_no=36999'>36999<\/a><\/li>\n\n\n\n<li><a href='?page_no=37000'>37000<\/a><\/li>\n\n    \n\t\n\n<li >\n\t<a href='?page_no=6351'>Next<\/a>\n\t<\/li>\n\n\n    \n\n<li><a href='?page_no=37000'>Last &rsaquo;&rsaquo;<\/a><\/li>\n\n<\/ul>\n\n\n--><br \/>\n<\/body><\/p>\n","protected":false},"excerpt":{"rendered":"<p>Santo Domingo, D.N. El doctor Carlos S\u00e1nchez, secretario general de la Alianza por la Democracia (APD), dijo hoy que la calamitosa situaci\u00f3n de salud en la que se encuentra sumida el pa\u00eds requiere de la entrada inmediata del Sistema de Atenci\u00f3n Primaria en Salud, como forma de poner control a un conjunto de enfermedades prevenibles [&hellip;]<\/p>\n","protected":false},"author":3,"featured_media":0,"comment_status":"open","ping_status":"open","sticky":false,"template":"","format":"standard","meta":{"footnotes":""},"categories":[22],"tags":[],"class_list":["post-171001","post","type-post","status-publish","format-standard","hentry","category-politica"],"_links":{"self":[{"href":"https:\/\/diariodominicano.com\/index.php?rest_route=\/wp\/v2\/posts\/171001","targetHints":{"allow":["GET"]}}],"collection":[{"href":"https:\/\/diariodominicano.com\/index.php?rest_route=\/wp\/v2\/posts"}],"about":[{"href":"https:\/\/diariodominicano.com\/index.php?rest_route=\/wp\/v2\/types\/post"}],"author":[{"embeddable":true,"href":"https:\/\/diariodominicano.com\/index.php?rest_route=\/wp\/v2\/users\/3"}],"replies":[{"embeddable":true,"href":"https:\/\/diariodominicano.com\/index.php?rest_route=%2Fwp%2Fv2%2Fcomments&post=171001"}],"version-history":[{"count":0,"href":"https:\/\/diariodominicano.com\/index.php?rest_route=\/wp\/v2\/posts\/171001\/revisions"}],"wp:attachment":[{"href":"https:\/\/diariodominicano.com\/index.php?rest_route=%2Fwp%2Fv2%2Fmedia&parent=171001"}],"wp:term":[{"taxonomy":"category","embeddable":true,"href":"https:\/\/diariodominicano.com\/index.php?rest_route=%2Fwp%2Fv2%2Fcategories&post=171001"},{"taxonomy":"post_tag","embeddable":true,"href":"https:\/\/diariodominicano.com\/index.php?rest_route=%2Fwp%2Fv2%2Ftags&post=171001"}],"curies":[{"name":"wp","href":"https:\/\/api.w.org\/{rel}","templated":true}]}}