{"id":170999,"date":"2018-03-24T22:06:33","date_gmt":"2018-03-24T22:06:33","guid":{"rendered":"http:\/\/diariodominicano.ddns.net\/?p=170999"},"modified":"2018-03-24T22:06:33","modified_gmt":"2018-03-24T22:06:33","slug":"alejandro-de-jesus-candidato-de-dignidad-gremial-economica-a-elecciones-del-codeco","status":"publish","type":"post","link":"https:\/\/diariodominicano.com\/?p=170999","title":{"rendered":"Alejandro de Jes\u00fas candidato de Dignidad Gremial Econ\u00f3mica a elecciones del CODECO"},"content":{"rendered":"<p><body><\/p>\n<p><img decoding=\"async\" src=\"img3\/PLD.JPG\" \/>  <\/p>\n<p><strong><span class=\"text1noticias\">Santo Domingo, R. D., 24 de marzo, 2018.<\/span><\/strong><span class=\"text1noticias\">&#8211; Los economistas miembros del Partido de la Liberaci\u00f3n Dominicana seleccionaron el candidato que presentar\u00e1 la corriente Dignidad Gremial Econ\u00f3mica en las pr\u00f3ximas elecciones del Colegio Dominicano de Economistas programada para junio. <\/span><\/p>\n<p><span class=\"text1noticias\"> <\/span><\/p>\n<p><span class=\"text1noticias\">El economista Alejandro de Jes\u00fas result\u00f3 electo con el 52 por ciento de los votos v\u00e1lidos emitidos en las elecciones que se realizaron  en la Casa Nacional del Partido de la Liberaci\u00f3n Dominicana desde las  10:00 de la ma\u00f1ana hasta  las  6:00 de la tarde. <\/span><\/p>\n<p><span class=\"text1noticias\"> <\/span><\/p>\n<p><span class=\"text1noticias\">La segunda plancha que encabez\u00f3 el economista Nicol\u00e1s Jim\u00e9nez obtuvo el 48 por ciento de los votos v\u00e1lidos emitidos.<\/span><\/p>\n<p><span class=\"text1noticias\">  <\/span><\/p>\n<p><span class=\"text1noticias\">Los resultados de las votaciones fueron ofrecidos por Emilio Florentino quien presidio la Comisi\u00f3n Electoral acompa\u00f1ado de Pedro Matos miembro de la Comisi\u00f3n. <\/span><\/p>\n<p><span class=\"text1noticias\"> <\/span><\/p>\n<p><span class=\"text1noticias\">Emilio Florentino dijo que las votaciones concluyeron exitosamente con una afluencia importante de economistas miembros del Partido de la Liberaci\u00f3n Dominicana. <\/span><\/p>\n<p><span class=\"text1noticias\"> <\/span><\/p>\n<p><span class=\"text1noticias\">Florentino resalt\u00f3 el esp\u00edritu de compa\u00f1erismo que prevaleci\u00f3 en todo el proceso. \u00abEsto ha sido una fiesta de la democracia  marcada por un elemento importante que signa a todos los pelede\u00edsta, la unidad\u00bb. <\/span><\/p>\n<p><span class=\"text1noticias\"> <\/span><\/p>\n<p><span class=\"text1noticias\">Para ejercer el derecho al voto se les exig\u00eda  a los economistas estar en el padr\u00f3n de miembros del Partido de la Liberaci\u00f3n Dominicana.<\/span><\/p>\n<p><span class=\"text1noticias\">  <\/span><\/p>\n<p><span class=\"text1noticias\">Nicol\u00e1s Jim\u00e9nez reconoci\u00f3 de inmediato el triunfo de D Jes\u00fas y dijo que a partir del momento se integra a trabajar con la planta ganadora para asegurar el triunfo del PLD en las elecciones del Colegio.<\/span><\/p>\n<p><span class=\"text1noticias\">  <\/span><\/p>\n<p><span class=\"text1noticias\">157 profesionales de la econom\u00eda votaron en un proceso elogiado por el orden y entusiasmo mostrado por los participantes. <\/span><\/p>\n<p><span class=\"text1noticias\"> <\/span><\/p>\n<p><span class=\"text1noticias\">Fuente: SECRETARIA DE COMUN<\/span>ICACIONES<\/p>\n<\/p>\n<p>24 MARZO 2018<\/p>\n<h6> 2018-03-24 22:06:33 <\/h6>\n<p><!--\n<link rel=\"stylesheet\" href=\"css\/bootstrap.min.css\">\n\n\n<ul class=\"pagination\">\n\t    \n\t\n\n<li >\n\t<a href='?page_no=6348'>Previous<\/a>\n\t<\/li>\n\n\n       \n    \n\n<li><a href='?page_no=1'>1<\/a><\/li>\n\n\n\n<li><a href='?page_no=2'>2<\/a><\/li>\n\n\n\n<li><a>...<\/a><\/li>\n\n\n\n<li><a href='?page_no=6347'>6347<\/a><\/li>\n\n\n\n<li><a href='?page_no=6348'>6348<\/a><\/li>\n\n\n\n<li class='active'><a>6349<\/a><\/li>\n\n\n\n<li><a href='?page_no=6350'>6350<\/a><\/li>\n\n\n\n<li><a href='?page_no=6351'>6351<\/a><\/li>\n\n\n\n<li><a>...<\/a><\/li>\n\n\n\n<li><a href='?page_no=36999'>36999<\/a><\/li>\n\n\n\n<li><a href='?page_no=37000'>37000<\/a><\/li>\n\n    \n\t\n\n<li >\n\t<a href='?page_no=6350'>Next<\/a>\n\t<\/li>\n\n\n    \n\n<li><a href='?page_no=37000'>Last &rsaquo;&rsaquo;<\/a><\/li>\n\n<\/ul>\n\n\n--><br \/>\n<\/body><\/p>\n","protected":false},"excerpt":{"rendered":"<p>Santo Domingo, R. D., 24 de marzo, 2018.&#8211; Los economistas miembros del Partido de la Liberaci\u00f3n Dominicana seleccionaron el candidato que presentar\u00e1 la corriente Dignidad Gremial Econ\u00f3mica en las pr\u00f3ximas elecciones del Colegio Dominicano de Economistas programada para junio. El economista Alejandro de Jes\u00fas result\u00f3 electo con el 52 por ciento de los votos v\u00e1lidos [&hellip;]<\/p>\n","protected":false},"author":3,"featured_media":0,"comment_status":"open","ping_status":"open","sticky":false,"template":"","format":"standard","meta":{"footnotes":""},"categories":[22],"tags":[],"class_list":["post-170999","post","type-post","status-publish","format-standard","hentry","category-politica"],"_links":{"self":[{"href":"https:\/\/diariodominicano.com\/index.php?rest_route=\/wp\/v2\/posts\/170999","targetHints":{"allow":["GET"]}}],"collection":[{"href":"https:\/\/diariodominicano.com\/index.php?rest_route=\/wp\/v2\/posts"}],"about":[{"href":"https:\/\/diariodominicano.com\/index.php?rest_route=\/wp\/v2\/types\/post"}],"author":[{"embeddable":true,"href":"https:\/\/diariodominicano.com\/index.php?rest_route=\/wp\/v2\/users\/3"}],"replies":[{"embeddable":true,"href":"https:\/\/diariodominicano.com\/index.php?rest_route=%2Fwp%2Fv2%2Fcomments&post=170999"}],"version-history":[{"count":0,"href":"https:\/\/diariodominicano.com\/index.php?rest_route=\/wp\/v2\/posts\/170999\/revisions"}],"wp:attachment":[{"href":"https:\/\/diariodominicano.com\/index.php?rest_route=%2Fwp%2Fv2%2Fmedia&parent=170999"}],"wp:term":[{"taxonomy":"category","embeddable":true,"href":"https:\/\/diariodominicano.com\/index.php?rest_route=%2Fwp%2Fv2%2Fcategories&post=170999"},{"taxonomy":"post_tag","embeddable":true,"href":"https:\/\/diariodominicano.com\/index.php?rest_route=%2Fwp%2Fv2%2Ftags&post=170999"}],"curies":[{"name":"wp","href":"https:\/\/api.w.org\/{rel}","templated":true}]}}