{"id":170991,"date":"2018-03-26T13:14:03","date_gmt":"2018-03-26T13:14:03","guid":{"rendered":"http:\/\/diariodominicano.ddns.net\/?p=170991"},"modified":"2018-03-26T13:14:03","modified_gmt":"2018-03-26T13:14:03","slug":"el-prd-anuncia-nuevo-proceso-convencional-confiado-en-su-fortalecimiento","status":"publish","type":"post","link":"https:\/\/diariodominicano.com\/?p=170991","title":{"rendered":"&#13;&#13;El PRD anuncia nuevo proceso convencional \u00abconfiado en su fortalecimiento\u00bb"},"content":{"rendered":"<p><body><\/p>\n<p><img decoding=\"async\" src=\"img3\/prd miguel00.jpg\" \/>  <\/p>\n<p><strong><span class=\"text1noticias\">SANTO DOMINGO, RD, 26 de marzo de 2018.-<\/span><\/strong><span class=\"text1noticias\">  La Comisi\u00f3n Presidencial Ejecutiva del Partido Revolucionario Dominicano (PRD), anunci\u00f3 este lunes que esa organizaci\u00f3n pol\u00edtica realizar\u00e1 un nuevo proceso convencional para elegir sus autoridades para los pr\u00f3ximos cuatro a\u00f1os. El pasado jueves el Tribunal Superior Electoral (TSE) declar\u00f3 nula la pasada convenci\u00f3n nacional del PRD,<\/span><\/p>\n<\/p>\n<p><span class=\"text1noticias\">Al hacer el anunci\u00f3 el PRD, reafirm\u00f3 que la direcci\u00f3n actual proclamada y juramentada el 14 de septiembre de 2014, \u00abest\u00e1 vigente hasta cumplir el periodo de cuatro a\u00f1os; para el cual fue electa\u00bb (septiembre 2018), conforme lo establece los estatutos del partido blanco.<\/span><\/p>\n<\/p>\n<p><span class=\"text1noticias\">En un comunicado dirigido al pa\u00eds, los l\u00edderes del PRD expresan estar totalmente convencidos de que el nuevo proceso convencional, contribuir\u00e1 a la dinamizaci\u00f3n, fortalecimiento, crecimiento del Partido Revolucionario Dominicano, y a la presentaci\u00f3n de candidaturas propias y exitosas, en los niveles municipal, congresual, y presidencial, para las elecciones generales pautadas para el a\u00f1o 2020.<\/span><\/p>\n<\/p>\n<p><span class=\"text1noticias\">En cuanto a la sentencia 002\/2018, emitida por el Tribunal Superior Electoral (TSE), relativa a la \u00abConvenci\u00f3n Nacional Extraordinaria Pedro Franco Bad\u00eda\u00bb, celebrada el 3 de diciembre del 2017, revel\u00f3 que la \u00abComisi\u00f3n de Juristas\u00bb que la estudi\u00f3 \u00abconcluy\u00f3 que se vulner\u00f3 nuestro derecho a la defensa, y que el Tribunal se excedi\u00f3 en sus atribuciones; de acuerdo a las normas procesales y los principios constitucionales\u00bb. El  TSE declar\u00f3 el jueves pasado nula  las modificaciones estatutarias realizadas por el Partido Revolucionario Dominicano (PRD)  el  3 de diciembre de 2017.<\/span><\/p>\n<\/p>\n<p><span class=\"text1noticias\">En virtud  de la sentencia TSE 002-2018, tambi\u00e9n anul\u00f3 la Convenci\u00f3n Extraordinaria \u00abPedro Franco Bad\u00eda\u00bb celebrada en esa fecha y anul\u00f3 todas las acciones, resoluciones, decisiones y actos realizados por la Comisi\u00f3n Pol\u00edtica y el Comit\u00e9 Ejecutivo Nacional  del PRD en sus reuniones celebradas en fechas 7 y 19 de noviembre de 2017.<\/span><\/p>\n<p><span class=\"text1noticias\"><strong>Consideran TSE se excedi\u00f3<\/strong><\/span><\/p>\n<\/p>\n<p><span class=\"text1noticias\">Respecto a la decisi\u00f3n, una comisi\u00f3n de juristas del PRD argumentaron que el TSE se excedi\u00f3 al ignorar los leg\u00edtimos derechos de los partidos pol\u00edticos, \u00abal pretender imponer la forma como debe ser convocada la reuni\u00f3n de un organismo estrat\u00e9gico, como la Comisi\u00f3n Pol\u00edtica, exigiendo la publicaci\u00f3n de una agenda previa, cuando es tradici\u00f3n y derecho de cada partido, decidir en cada caso, y en el d\u00eda a d\u00eda, los puntos a tratar\u00bb. <\/span><\/p>\n<\/p>\n<p><span class=\"text1noticias\">Apuntan que el juez del TSE, Ram\u00f3n Ar\u00edstides Madera, en la fundamentaci\u00f3n de su voto disidente dej\u00f3 claramente establecido que \u00abel derecho a la defensa de nuestro partido fue afectado\u00bb.<\/span><\/p>\n<\/p>\n<p><span class=\"text1noticias\">En ese sentido, citaron lo expresado por el magistrado Madera: \u00aba pesar de que el fardo de la prueba recae sobre la parte demandante, y que el Tribunal haciendo uso de un principio activo; sin pedimento de parte, ten\u00eda inter\u00e9s en esa documentaci\u00f3n, le fue negado a la parte demandada el derecho a probar todo lo contrario, es decir, el derecho a depositar o entregar voluntariamente los listados de concurrentes a dichos eventos\u00bb.<\/span><\/p>\n<\/p>\n<p><span class=\"text1noticias\">Declararon que el juez Madera concluy\u00f3 sus argumentos jur\u00eddicos y constitucionales afirmando que, al PRD, citamos: \u00abse les ha violado el derecho de defensa, el cual es un derecho fundamental para que se pueda administrar una sana justicia\u00bb.<\/span><\/p>\n<\/p>\n<p><span class=\"text1noticias\">El Alto organismo del PRD, reiter\u00f3 que  la convenci\u00f3n del 3 de diciembre fue desarrollada de manera leg\u00edtima, legal y transparente, \u00aby que a pesar de todas las debilidades jur\u00eddicas y constitucionales, antes se\u00f1aladas, y  que los argumentos  de una parte de los miembros del  TSE para justificar su decisi\u00f3n, fueron solo de forma y no de fondo y contenido, anunciamos a toda la  gran familia perredeista y al pa\u00eds,  que el Partido Revolucionario Dominicano realizar\u00e1 un nuevo proceso convencional, para elegir las autoridades del PRD para los pr\u00f3ximos cuatro a\u00f1os\u00bb.<\/span><\/p>\n<\/p>\n<p><span class=\"text1noticias\">Se\u00f1alan que el PRD y sus autoridades encabezadas por el Presidente Miguel Vargas; \u00absiempre al servicio de los mejores intereses nacionales, manifestamos que, conforme a nuestra tradici\u00f3n, respetamos las decisiones de los Tribunales Nacionales y las Altas Cortes; sean favorables o no, y estando o no de acuerdo\u00bb, aunque se reservaron el derecho de usar cualquier recurso que les permitan las leyes y la Constituci\u00f3n de la Rep\u00fablica.<\/span><\/p>\n<\/p>\n<p><span class=\"text1noticias\">El documento le\u00eddo en rueda de prensa, efectuada en la sede principal del Partido blanco, cont\u00f3 con la presencia de los miembros de la Comisi\u00f3n Presidencial Ejecutiva de la organizaci\u00f3n.<\/span><\/p>\n<p><span class=\"text1noticias\"><strong>La sentencia anul\u00f3 la convenci\u00f3n del 3 de diciembre de 2017<\/strong><\/span><\/p>\n<\/p>\n<p><span class=\"text1noticias\">El Tribunal Superior Electoral declar\u00f3 el jueves pasado nula  las modificaciones estatutarias realizadas por el Partido Revolucionario Dominicano (PRD)  el  3 de diciembre de 2017.<\/span><\/p>\n<\/p>\n<p><span class=\"text1noticias\">En virtud  de la sentencia TSE 002-2018, tambi\u00e9n anul\u00f3 la Convenci\u00f3n Extraordinaria \u00abPedro Franco Bad\u00eda\u00bb celebrada en esa fecha y anul\u00f3 todas las acciones, resoluciones, decisiones y actos realizados por la Comisi\u00f3n Pol\u00edtica y el Comit\u00e9 Ejecutivo Nacional en sus reuniones celebradas en fechas 7 y 19 de noviembre de 2017.<\/span><\/p>\n<\/p>\n<p><span class=\"text1noticias\">El TSE concluy\u00f3  que en la convocatoria a la convenci\u00f3n extraordinaria se violaron los principios de transparencia, democracia interna y publicidad que rigen el funcionamiento de los partidos pol\u00edticos en la Rep\u00fablica Dominicana, de acuerdo al art\u00edculo 216 de la Constituci\u00f3n, cuya violaci\u00f3n, en el contexto del art\u00edculo 6 de la norma constitucional, hace que dicha convocatoria sea nula y en consecuencia la nulidad de la convenci\u00f3n.<\/span><\/p>\n<\/p>\n<p><span class=\"text1noticias\">\u00abNo obstante, conviene precisar que respecto a la convenci\u00f3n analizada tampoco reposa en el expediente el listado de concurrentes a la misma, lo cual impide verificar el qu\u00f3rum asistente, as\u00ed como la calidad de quienes participaron en dicha reuni\u00f3n. En fin, por los motivos expuestos procede anular la Convenci\u00f3n Nacional Extraordinaria celebrada por el Partido Revolucionario Dominicano (PRD) en fecha 3 de diciembre de 2017. Dicho esto, procede, en definitiva, acoger la demanda de manera \u00edntegra y, en consecuencia, disponer la nulidad de cada una de las reuniones celebradas durante el proceso de reforma estatutaria en que incursion\u00f3 el partido demandado entre los meses de noviembre y diciembre de 2017, y de todas las decisiones y resoluciones adoptadas en las mismas\u00bb se\u00f1ala la sentencia.<\/span><\/p>\n<\/p>\n<p><span class=\"text1noticias\">La demanda fue incoada por los dirigentes Andr\u00e9s Henr\u00edquez, Aurelio Moreta Valenzuela y C\u00e9sar Emilio Guzm\u00e1n y el interviniente voluntario, el vicepresidente nacional de esa organizaci\u00f3n, An\u00edbal Garc\u00eda Duverg\u00e9.<\/span><\/p>\n<\/p>\n<p><span class=\"text1noticias\">En la convenci\u00f3n del 3 de diciembre adem\u00e1s se  eligi\u00f3 a Miguel Vargas Maldonado como presidente del PRD  por un periodo de cuatro  a\u00f1os.<\/span><\/p>\n<p><span class=\"text1noticias\"><strong>Quieren convenci\u00f3n <\/strong><\/span><\/p>\n<\/p>\n<p><span class=\"text1noticias\">Tras conocer la sentencia TSE 002-2018, el dirigente perredeista An\u00edbal Garc\u00eda Duverg\u00e9 expres\u00f3 que luego de esta sentencia, lo que manda es que la direcci\u00f3n del PRD convoque los organismos para seleccionar una direcci\u00f3n interina para sustituir a los actuales incumbentes.<\/span><\/p>\n<\/p>\n<p><span class=\"text1noticias\">\u00abEsta comisi\u00f3n se encargar\u00e1 de dirigir una convenci\u00f3n real en los diferentes municipios, de acuerdo a  los estatutos y hacer el padr\u00f3n de militantes para finalmente acudir a un proceso democr\u00e1tico\u00bb.<\/span><\/p>\n<\/p>\n<p><span class=\"text1noticias\">Consider\u00f3  que con esa sentencia se le hace honor al extinto l\u00edder Jos\u00e9 Francisco Pe\u00f1a G\u00f3mez.<\/span><\/p>\n<\/p>\n<\/p>\n<\/p>\n<h6> 2018-03-26 13:14:03 <\/h6>\n<p><!--\n<link rel=\"stylesheet\" href=\"css\/bootstrap.min.css\">\n\n\n<ul class=\"pagination\">\n\t    \n\t\n\n<li >\n\t<a href='?page_no=6340'>Previous<\/a>\n\t<\/li>\n\n\n       \n    \n\n<li><a href='?page_no=1'>1<\/a><\/li>\n\n\n\n<li><a href='?page_no=2'>2<\/a><\/li>\n\n\n\n<li><a>...<\/a><\/li>\n\n\n\n<li><a href='?page_no=6339'>6339<\/a><\/li>\n\n\n\n<li><a href='?page_no=6340'>6340<\/a><\/li>\n\n\n\n<li class='active'><a>6341<\/a><\/li>\n\n\n\n<li><a href='?page_no=6342'>6342<\/a><\/li>\n\n\n\n<li><a href='?page_no=6343'>6343<\/a><\/li>\n\n\n\n<li><a>...<\/a><\/li>\n\n\n\n<li><a href='?page_no=36999'>36999<\/a><\/li>\n\n\n\n<li><a href='?page_no=37000'>37000<\/a><\/li>\n\n    \n\t\n\n<li >\n\t<a href='?page_no=6342'>Next<\/a>\n\t<\/li>\n\n\n    \n\n<li><a href='?page_no=37000'>Last &rsaquo;&rsaquo;<\/a><\/li>\n\n<\/ul>\n\n\n--><br \/>\n<\/body><\/p>\n","protected":false},"excerpt":{"rendered":"<p>SANTO DOMINGO, RD, 26 de marzo de 2018.- La Comisi\u00f3n Presidencial Ejecutiva del Partido Revolucionario Dominicano (PRD), anunci\u00f3 este lunes que esa organizaci\u00f3n pol\u00edtica realizar\u00e1 un nuevo proceso convencional para elegir sus autoridades para los pr\u00f3ximos cuatro a\u00f1os. El pasado jueves el Tribunal Superior Electoral (TSE) declar\u00f3 nula la pasada convenci\u00f3n nacional del PRD, Al [&hellip;]<\/p>\n","protected":false},"author":3,"featured_media":0,"comment_status":"open","ping_status":"open","sticky":false,"template":"","format":"standard","meta":{"footnotes":""},"categories":[22],"tags":[],"class_list":["post-170991","post","type-post","status-publish","format-standard","hentry","category-politica"],"_links":{"self":[{"href":"https:\/\/diariodominicano.com\/index.php?rest_route=\/wp\/v2\/posts\/170991","targetHints":{"allow":["GET"]}}],"collection":[{"href":"https:\/\/diariodominicano.com\/index.php?rest_route=\/wp\/v2\/posts"}],"about":[{"href":"https:\/\/diariodominicano.com\/index.php?rest_route=\/wp\/v2\/types\/post"}],"author":[{"embeddable":true,"href":"https:\/\/diariodominicano.com\/index.php?rest_route=\/wp\/v2\/users\/3"}],"replies":[{"embeddable":true,"href":"https:\/\/diariodominicano.com\/index.php?rest_route=%2Fwp%2Fv2%2Fcomments&post=170991"}],"version-history":[{"count":0,"href":"https:\/\/diariodominicano.com\/index.php?rest_route=\/wp\/v2\/posts\/170991\/revisions"}],"wp:attachment":[{"href":"https:\/\/diariodominicano.com\/index.php?rest_route=%2Fwp%2Fv2%2Fmedia&parent=170991"}],"wp:term":[{"taxonomy":"category","embeddable":true,"href":"https:\/\/diariodominicano.com\/index.php?rest_route=%2Fwp%2Fv2%2Fcategories&post=170991"},{"taxonomy":"post_tag","embeddable":true,"href":"https:\/\/diariodominicano.com\/index.php?rest_route=%2Fwp%2Fv2%2Ftags&post=170991"}],"curies":[{"name":"wp","href":"https:\/\/api.w.org\/{rel}","templated":true}]}}