{"id":170990,"date":"2018-03-26T13:17:01","date_gmt":"2018-03-26T13:17:01","guid":{"rendered":"http:\/\/diariodominicano.ddns.net\/?p=170990"},"modified":"2018-03-26T13:17:01","modified_gmt":"2018-03-26T13:17:01","slug":"senadores-defienden-facultad-constitucional-del-congreso-nacional-en-inclusion-ley-de-partidos","status":"publish","type":"post","link":"https:\/\/diariodominicano.com\/?p=170990","title":{"rendered":"Senadores defienden \u00abfacultad constitucional del Congreso Nacional en inclusi\u00f3n Ley de Partidos\u00bb"},"content":{"rendered":"<p><body><\/p>\n<p><img decoding=\"async\" src=\"img3\/leypp1.jpg\" \/><br \/><img decoding=\"async\" src=\"img3\/leypp2.jpg\" \/>  <\/p>\n<p><strong>SANTO DOMINGO, RD, 26 de marzo de 2018.- <\/strong>Los senadores de la provincia La Vega, Duarte, Barahona y Santiago Rodr\u00edguez, Euclides S\u00e1nchez,  Eddy Mateo, Amilcar Romero y Antonio Cruz, defendieron la facultad  constitucional que tiene el Congreso Nacional de incluir en la Ley de Partido Pol\u00edtico y R\u00e9gimen Electoral, la modalidad de las primarias abiertas simult\u00e1neas y obligatorias para la escogencia de candidaturas a posiciones de elecci\u00f3n popular.<\/p>\n<p>Los congresistas, tambi\u00e9n valoraron el aporte que en torno al tema hizo, a su juicio,  el experto en derecho constitucional de la Universidad Central de Venezuela, Allan Brewer Car\u00edas, durante su ponencia durante la puesta en circulaci\u00f3n del libro \u00a8Constituci\u00f3n, Primas y Ley de Partidos\u00a8, de la autor\u00eda del jurista Jos\u00e9 Alejandro Ayuso, presidente de la Fundaci\u00f3n Equidad.<\/p>\n<\/p>\n<p>Seg\u00fan el senador S\u00e1nchez, Brewer Carias, experto en derecho constitucional en su exposici\u00f3n hizo una intepretaci\u00f3n en la que estableci\u00f3 las diferencias entre la modificaci\u00f3n constitucional del a\u00f1o 2010 y las anteriores, en las cuales concluye que la regulaci\u00f3n de los partidos por parte del congresista, no es contrario a la carta magna.<\/p>\n<\/p>\n<p>Agrega que el jurista, profesor em\u00e9rito de la Universidad Central de Venezuela hizo un planteamiento apegado al derecho y la democracia que debe primar en las agrupaciones partidarias, en lo cual en mecanismo de primarias abiertas simult\u00e1neas, es la mejor garante de esa prerrogativa.<\/p>\n<\/p>\n<p>\u00a8Tenemos que convertir a los partidos en laboratorios democr\u00e1ticos, por lo que se impone el establecimiento de ese mecanismo de elecci\u00f3n para que prime la democracia, haya renovaci\u00f3n a los interno de los partidos y mayor participaci\u00f3n del ciudadano en la escogencia de los candidatos a posiciones de elecci\u00f3n popular \u00a8, a\u00f1adi\u00f3 el congresista peledeista .<\/p>\n<\/p>\n<p>Considera adem\u00e1s, que la aprobaci\u00f3n de ese mecanismo de elecci\u00f3n en la Ley de Partidos y R\u00e9gimen Electoral dar\u00eda al traste con el \u00a8monopolio \u00a8que las c\u00fapulas de algunas agrupaciones pol\u00edticas que las mantienen secuestras y frenado el desarrollo del liderazgo joven.<\/p>\n<\/p>\n<p>El congresista, favoreci\u00f3 no obstante, que la elecci\u00f3n de las diriggencia de los partidos se mantenga el mecanismo de primarias cerradas y con padr\u00f3n internos, aunque fiscalizados por la Junta Central Electoral.<\/p>\n<\/p>\n<p>De su lado, Amilcar Romero, dijo estar de acuerdo con la inclusi\u00f3n en el proyecto de ley de partidos pol\u00edticos y r\u00e9gimen electoral, las primarias abiertas simult\u00e1neas y obligatorias, por considerar contribuye al fortalecimiento institucional de esas entidades y mayor participaci\u00f3n de la ciudadan\u00eda en la escogencia de candidatos de elecci\u00f3n popular.<\/p>\n<\/p>\n<p>Rechaz\u00f3 adem\u00e1s, el argumento de que ese mecanismo de elecci\u00f3n es violatorio a la Constituci\u00f3n de la Rep\u00fablica.<\/p>\n<\/p>\n<p>Mientras que su colega en la C\u00e1mara Alta, Eddy Mateo, dice ser partidario de las primarias abiertas , simult\u00e1neas y obligatorias, por considerar es el mecanismo m\u00e1s id\u00f3meno para garantiza la democracia internas en los partidos y la participaci\u00f3n del ciudadano que no milita en ninguna de esas organizaciones.<\/p>\n<\/p>\n<p>\u00a8 Todos sabemos que los padrones de los partidos no son confiables, est\u00e1n anquilosados, con 10 y 10 a\u00f1os sin actualizar, en los que figuran muchos que dejaron de pertenecer a esas agrupaciones, otros que han muertos y se encuentran residiendo fuera del pa\u00eds \u00a8, a\u00f1adi\u00f3 el senador por la provincia Barahona.<\/p>\n<\/p>\n<p>Mientras que el senador Antonio Cruz, considera que las primarias abiertas y simult\u00e1neas utilizando el padr\u00f3n de la Junta Central Electoral contribuye al fortalecimiento de la democracia interna en los partidos porque permite la participaci\u00f3n del ciudadano en la elecci\u00f3n de los candidatos a cargos electivos.<\/p>\n<\/p>\n<p>Estos congresistas insistieron en destacar que las primarias abiertas y simult\u00e1neas no son inconstitucionales y que la utilizaci\u00f3n del padr\u00f3n de la Junta Central Electoral en ese tipo de proceso se corresponde con la realidad del sistema pol\u00edtico dominicano.<\/p>\n<\/p>\n<p>Los congresistas Euclides S\u00e1nmchez y Eddy Mateo, Am\u00falcar Romero y Antonio Cruz,  participaron como invitados en la puesta en circulaci\u00f3n del libro que sobre primarias y ley de partidos, fue realizado en un hotel de la capital, con la participaci\u00f3n de una nutridad cantidad de juristas expertos en derecho constitucional y otras personalidades.<\/p>\n<\/p>\n<p>La obra es compila interesantes exposiciones hecha por destacados juristas y polit\u00f3logos  nacionales y extranjeros que participaron en el \u00a8Seminario Internacional sobre Participaci\u00f3n Pol\u00edtica y Ley de Partidos \u00a8, celebrado el primero de diciembre del a\u00f1o 2017 en la Universidad Iberoamericana. (Tony Gonz\u00e1lez)<\/p>\n<h6> 2018-03-26 13:17:01 <\/h6>\n<p><!--\n<link rel=\"stylesheet\" href=\"css\/bootstrap.min.css\">\n\n\n<ul class=\"pagination\">\n\t    \n\t\n\n<li >\n\t<a href='?page_no=6339'>Previous<\/a>\n\t<\/li>\n\n\n       \n    \n\n<li><a href='?page_no=1'>1<\/a><\/li>\n\n\n\n<li><a href='?page_no=2'>2<\/a><\/li>\n\n\n\n<li><a>...<\/a><\/li>\n\n\n\n<li><a href='?page_no=6338'>6338<\/a><\/li>\n\n\n\n<li><a href='?page_no=6339'>6339<\/a><\/li>\n\n\n\n<li class='active'><a>6340<\/a><\/li>\n\n\n\n<li><a href='?page_no=6341'>6341<\/a><\/li>\n\n\n\n<li><a href='?page_no=6342'>6342<\/a><\/li>\n\n\n\n<li><a>...<\/a><\/li>\n\n\n\n<li><a href='?page_no=36999'>36999<\/a><\/li>\n\n\n\n<li><a href='?page_no=37000'>37000<\/a><\/li>\n\n    \n\t\n\n<li >\n\t<a href='?page_no=6341'>Next<\/a>\n\t<\/li>\n\n\n    \n\n<li><a href='?page_no=37000'>Last &rsaquo;&rsaquo;<\/a><\/li>\n\n<\/ul>\n\n\n--><br \/>\n<\/body><\/p>\n","protected":false},"excerpt":{"rendered":"<p>SANTO DOMINGO, RD, 26 de marzo de 2018.- Los senadores de la provincia La Vega, Duarte, Barahona y Santiago Rodr\u00edguez, Euclides S\u00e1nchez, Eddy Mateo, Amilcar Romero y Antonio Cruz, defendieron la facultad constitucional que tiene el Congreso Nacional de incluir en la Ley de Partido Pol\u00edtico y R\u00e9gimen Electoral, la modalidad de las primarias abiertas [&hellip;]<\/p>\n","protected":false},"author":3,"featured_media":0,"comment_status":"open","ping_status":"open","sticky":false,"template":"","format":"standard","meta":{"footnotes":""},"categories":[22],"tags":[],"class_list":["post-170990","post","type-post","status-publish","format-standard","hentry","category-politica"],"_links":{"self":[{"href":"https:\/\/diariodominicano.com\/index.php?rest_route=\/wp\/v2\/posts\/170990","targetHints":{"allow":["GET"]}}],"collection":[{"href":"https:\/\/diariodominicano.com\/index.php?rest_route=\/wp\/v2\/posts"}],"about":[{"href":"https:\/\/diariodominicano.com\/index.php?rest_route=\/wp\/v2\/types\/post"}],"author":[{"embeddable":true,"href":"https:\/\/diariodominicano.com\/index.php?rest_route=\/wp\/v2\/users\/3"}],"replies":[{"embeddable":true,"href":"https:\/\/diariodominicano.com\/index.php?rest_route=%2Fwp%2Fv2%2Fcomments&post=170990"}],"version-history":[{"count":0,"href":"https:\/\/diariodominicano.com\/index.php?rest_route=\/wp\/v2\/posts\/170990\/revisions"}],"wp:attachment":[{"href":"https:\/\/diariodominicano.com\/index.php?rest_route=%2Fwp%2Fv2%2Fmedia&parent=170990"}],"wp:term":[{"taxonomy":"category","embeddable":true,"href":"https:\/\/diariodominicano.com\/index.php?rest_route=%2Fwp%2Fv2%2Fcategories&post=170990"},{"taxonomy":"post_tag","embeddable":true,"href":"https:\/\/diariodominicano.com\/index.php?rest_route=%2Fwp%2Fv2%2Ftags&post=170990"}],"curies":[{"name":"wp","href":"https:\/\/api.w.org\/{rel}","templated":true}]}}