{"id":170987,"date":"2018-03-26T19:05:06","date_gmt":"2018-03-26T19:05:06","guid":{"rendered":"http:\/\/diariodominicano.ddns.net\/?p=170987"},"modified":"2018-03-26T19:05:06","modified_gmt":"2018-03-26T19:05:06","slug":"leonel-fernandez-sera-jefe-mision-observacion-electoral-oea-en-mexico","status":"publish","type":"post","link":"https:\/\/diariodominicano.com\/?p=170987","title":{"rendered":"Leonel Fern\u00e1ndez ser\u00e1 Jefe Misi\u00f3n Observaci\u00f3n Electoral OEA en M\u00e9xico"},"content":{"rendered":"<p><body><\/p>\n<p><img decoding=\"async\" src=\"img3\/LF1 (1).jpg\" \/><br \/><img decoding=\"async\" src=\"img3\/LF2.jpg\" \/><br \/><img decoding=\"async\" src=\"img3\/LF3.JPG\" \/>  <\/p>\n<p><strong>Es la cuarta vez que el ex Jefe de Estado dominicano es invitado por la comunidad internacional a participar como jefe de una misi\u00f3n de observaci\u00f3n electoral en un pa\u00eds de Am\u00e9rica Latina.<\/strong><\/p>\n<p><strong> <\/strong><\/p>\n<p><strong>SANTO DOMINGO, RD, 26 de marzo de 2018.-<\/strong> El expresidente de la Rep\u00fablica, doctor Leonel Fern\u00e1ndez, fue desigando Jefe de la Misi\u00f3n de Visitantes Extranjeros para la observaci\u00f3n de las elecciones federales y locales a celebrarse en M\u00e9xico el 1 de julio de este a\u00f1o.<\/p>\n<\/p>\n<p><strong>La designaci\u00f3n le fue comunicada a Fern\u00e1ndez por el Secretario General de la Organizaci\u00f3n de Estados Americanos (OEA), Luis Almagro, mediante carta enviada a trav\u00e9s del Departamento para la Cooperaci\u00f3n y Observaci\u00f3n Electoral (DECO), \u00f3rgano especializado de la Secretar\u00eda General de la OEA en materia de observaci\u00f3n electoral. <\/strong><\/p>\n<\/p>\n<p>Seg\u00fan se especifica en la carta, el DECO le dar\u00e1 a Fern\u00e1ndez todo el apoyo que necesite para la organizaci\u00f3n de la Misi\u00f3n, as\u00ed como en los dem\u00e1s aspectos organizativos y logisticos que sean necesarios para la realizaci\u00f3n del trabajo encomendado.<\/p>\n<\/p>\n<p><strong>Es la cuarta vez que el ex Jefe de Estado dominicano es invitado por la comunidad internacional a participar como jefe de una misi\u00f3n de observaci\u00f3n electoral en un pa\u00eds de Am\u00e9rica Latina.<\/strong><\/p>\n<\/p>\n<p>La primera vez fue en Venezuela, invitado por la Uni\u00f3n de Naciones Suramericanas (Unasur) a ser su representante especial en las elecciones parlamentarias del 6 de diciembre; luego fue Bolivia, invitado al refer\u00e9ndum constitucional del 21 de febrero de 2016, despu\u00e9s Ecuador, en las elecciones presidenciales del 19 de febrero y 2 de abril de 2017 y ahora en las elecciones generales de M\u00e9xico. <\/p>\n<\/p>\n<p>Siguiendo lo establecido en la Carta Democr\u00e1tica Interamericana, las misiones de observaci\u00f3n electoral de la OEA se gu\u00edan por los principios y normas del organismo hemisf\u00e9rico, y se realizan de forma objetiva, imparcial y transparente, y con la capacidad t\u00e9cnica adecuada.<\/p>\n<\/p>\n<p>En su misi\u00f3n de observaci\u00f3n electoral, la OEA pone \u00e9nfasis en el an\u00e1lisis integral de los procesos electorales, esforz\u00e1ndose en observar las condiciones para el voto universal y equitativo, as\u00ed como las condiciones de participaci\u00f3n de los distintos actores del proceso.<\/p>\n<\/p>\n<p>La informaci\u00f3n fue dada a<strong> Diariodominicano.com<\/strong> por Annia Valdez, Encargada de prensa del doctor Leonel Fern\u00e1ndez.<\/p>\n<\/p>\n<\/p>\n<h6> 2018-03-26 19:05:06 <\/h6>\n<p><!--\n<link rel=\"stylesheet\" href=\"css\/bootstrap.min.css\">\n\n\n<ul class=\"pagination\">\n\t    \n\t\n\n<li >\n\t<a href='?page_no=6337'>Previous<\/a>\n\t<\/li>\n\n\n       \n    \n\n<li><a href='?page_no=1'>1<\/a><\/li>\n\n\n\n<li><a href='?page_no=2'>2<\/a><\/li>\n\n\n\n<li><a>...<\/a><\/li>\n\n\n\n<li><a href='?page_no=6336'>6336<\/a><\/li>\n\n\n\n<li><a href='?page_no=6337'>6337<\/a><\/li>\n\n\n\n<li class='active'><a>6338<\/a><\/li>\n\n\n\n<li><a href='?page_no=6339'>6339<\/a><\/li>\n\n\n\n<li><a href='?page_no=6340'>6340<\/a><\/li>\n\n\n\n<li><a>...<\/a><\/li>\n\n\n\n<li><a href='?page_no=36999'>36999<\/a><\/li>\n\n\n\n<li><a href='?page_no=37000'>37000<\/a><\/li>\n\n    \n\t\n\n<li >\n\t<a href='?page_no=6339'>Next<\/a>\n\t<\/li>\n\n\n    \n\n<li><a href='?page_no=37000'>Last &rsaquo;&rsaquo;<\/a><\/li>\n\n<\/ul>\n\n\n--><br \/>\n<\/body><\/p>\n","protected":false},"excerpt":{"rendered":"<p>Es la cuarta vez que el ex Jefe de Estado dominicano es invitado por la comunidad internacional a participar como jefe de una misi\u00f3n de observaci\u00f3n electoral en un pa\u00eds de Am\u00e9rica Latina. SANTO DOMINGO, RD, 26 de marzo de 2018.- El expresidente de la Rep\u00fablica, doctor Leonel Fern\u00e1ndez, fue desigando Jefe de la Misi\u00f3n [&hellip;]<\/p>\n","protected":false},"author":3,"featured_media":0,"comment_status":"open","ping_status":"open","sticky":false,"template":"","format":"standard","meta":{"footnotes":""},"categories":[22],"tags":[],"class_list":["post-170987","post","type-post","status-publish","format-standard","hentry","category-politica"],"_links":{"self":[{"href":"https:\/\/diariodominicano.com\/index.php?rest_route=\/wp\/v2\/posts\/170987","targetHints":{"allow":["GET"]}}],"collection":[{"href":"https:\/\/diariodominicano.com\/index.php?rest_route=\/wp\/v2\/posts"}],"about":[{"href":"https:\/\/diariodominicano.com\/index.php?rest_route=\/wp\/v2\/types\/post"}],"author":[{"embeddable":true,"href":"https:\/\/diariodominicano.com\/index.php?rest_route=\/wp\/v2\/users\/3"}],"replies":[{"embeddable":true,"href":"https:\/\/diariodominicano.com\/index.php?rest_route=%2Fwp%2Fv2%2Fcomments&post=170987"}],"version-history":[{"count":0,"href":"https:\/\/diariodominicano.com\/index.php?rest_route=\/wp\/v2\/posts\/170987\/revisions"}],"wp:attachment":[{"href":"https:\/\/diariodominicano.com\/index.php?rest_route=%2Fwp%2Fv2%2Fmedia&parent=170987"}],"wp:term":[{"taxonomy":"category","embeddable":true,"href":"https:\/\/diariodominicano.com\/index.php?rest_route=%2Fwp%2Fv2%2Fcategories&post=170987"},{"taxonomy":"post_tag","embeddable":true,"href":"https:\/\/diariodominicano.com\/index.php?rest_route=%2Fwp%2Fv2%2Ftags&post=170987"}],"curies":[{"name":"wp","href":"https:\/\/api.w.org\/{rel}","templated":true}]}}