{"id":170986,"date":"2018-03-26T19:29:57","date_gmt":"2018-03-26T19:29:57","guid":{"rendered":"http:\/\/diariodominicano.ddns.net\/?p=170986"},"modified":"2018-03-26T19:29:57","modified_gmt":"2018-03-26T19:29:57","slug":"con-mas-del-90-de-los-votos-computados-paliza-y-carolina-mejia-encabezan-votaciones-del-prm-con-el-75-92-y-70-70-respectivamente","status":"publish","type":"post","link":"https:\/\/diariodominicano.com\/?p=170986","title":{"rendered":"Con m\u00e1s del 90% de los votos computados Paliza y Carolina Mej\u00eda encabezan votaciones del PRM con el 75.92% y 70.70 respectivamente&#13;"},"content":{"rendered":"<p><body><\/p>\n<p><img decoding=\"async\" src=\"img3\/Carolina-Mejia-Jose-Ignacio-Ramon-Paliza I.jpg\" \/><br \/><img decoding=\"async\" src=\"img3\/Boletin 6 del PRM.jpg\" \/>  <\/p>\n<p><strong>SANTO DOMINGO, RD, 26 de marzo de 2018.- <\/strong>. Con un 90.76% de los votos presidenciales computados y un 92.48% de los de la Secretar\u00eda General, la Comisi\u00f3n Nacional Organizadora (CNO) de la Convenci\u00f3n del Partido Revolucionario Moderno (PRM) dio a conocer  la tarde del lunes el bolet\u00edn n\u00famero 6 de los c\u00f3mputos de los resultados, en el cual, Jos\u00e9 Ignacio Paliza encabeza el escrutinio con 75.92% para la presidencia y Carolina Mej\u00eda con un 70.70% continua a la delantera para la Secretaria General.<\/p>\n<\/p>\n<p>El bolet\u00edn le\u00eddo por el licenciado Tony Raful, presidente de la CNO, asigna a Jes\u00fas Feris Iglesia el 10.70% de los presidenciales, 13.37%, y a Geanilda V\u00e1squez.  A la Secretar\u00eda General, el bolet\u00edn adem\u00e1s asigna el 4.62% a Leonardo Fa\u00f1a, 21.69% a Jes\u00fas V\u00e1squez, 1.24% a Aneudys de Le\u00f3nn y el 1.73% a Andr\u00e9s Lugo.<\/p>\n<\/p>\n<p>Reiter\u00f3 que el pr\u00f3ximo 8 de abril se realizar\u00e1 la votaci\u00f3n para las demarcaciones que no lo efectuaron el pasado 18 de marzo, en 23 lugares del pa\u00eds y en el exterior.<\/p>\n<\/p>\n<p>Dijo que ahora se inicia el conteo de las candidaturas a vicepresidentes y Subsecretarias generales que completen la elecci\u00f3n de la direcci\u00f3n nacional, cuyos resultados ser\u00e1n dados a conocer cuando haya culminado el mismo.<\/p>\n<\/p>\n<p>Afirm\u00f3 que las nuevas autoridades se juramentar\u00e1n el 22 de abril, cuando se celebre la Convenci\u00f3n Nacional de Delegados, con la cual culminar\u00e1n el proceso convencional que se desarrolla en este momento.<\/p>\n<\/p>\n<\/p>\n<h6> 2018-03-26 19:29:57 <\/h6>\n<p><!--\n<link rel=\"stylesheet\" href=\"css\/bootstrap.min.css\">\n\n\n<ul class=\"pagination\">\n\t    \n\t\n\n<li >\n\t<a href='?page_no=6336'>Previous<\/a>\n\t<\/li>\n\n\n       \n    \n\n<li><a href='?page_no=1'>1<\/a><\/li>\n\n\n\n<li><a href='?page_no=2'>2<\/a><\/li>\n\n\n\n<li><a>...<\/a><\/li>\n\n\n\n<li><a href='?page_no=6335'>6335<\/a><\/li>\n\n\n\n<li><a href='?page_no=6336'>6336<\/a><\/li>\n\n\n\n<li class='active'><a>6337<\/a><\/li>\n\n\n\n<li><a href='?page_no=6338'>6338<\/a><\/li>\n\n\n\n<li><a href='?page_no=6339'>6339<\/a><\/li>\n\n\n\n<li><a>...<\/a><\/li>\n\n\n\n<li><a href='?page_no=36999'>36999<\/a><\/li>\n\n\n\n<li><a href='?page_no=37000'>37000<\/a><\/li>\n\n    \n\t\n\n<li >\n\t<a href='?page_no=6338'>Next<\/a>\n\t<\/li>\n\n\n    \n\n<li><a href='?page_no=37000'>Last &rsaquo;&rsaquo;<\/a><\/li>\n\n<\/ul>\n\n\n--><br \/>\n<\/body><\/p>\n","protected":false},"excerpt":{"rendered":"<p>SANTO DOMINGO, RD, 26 de marzo de 2018.- . Con un 90.76% de los votos presidenciales computados y un 92.48% de los de la Secretar\u00eda General, la Comisi\u00f3n Nacional Organizadora (CNO) de la Convenci\u00f3n del Partido Revolucionario Moderno (PRM) dio a conocer la tarde del lunes el bolet\u00edn n\u00famero 6 de los c\u00f3mputos de los [&hellip;]<\/p>\n","protected":false},"author":3,"featured_media":0,"comment_status":"open","ping_status":"open","sticky":false,"template":"","format":"standard","meta":{"footnotes":""},"categories":[22],"tags":[],"class_list":["post-170986","post","type-post","status-publish","format-standard","hentry","category-politica"],"_links":{"self":[{"href":"https:\/\/diariodominicano.com\/index.php?rest_route=\/wp\/v2\/posts\/170986","targetHints":{"allow":["GET"]}}],"collection":[{"href":"https:\/\/diariodominicano.com\/index.php?rest_route=\/wp\/v2\/posts"}],"about":[{"href":"https:\/\/diariodominicano.com\/index.php?rest_route=\/wp\/v2\/types\/post"}],"author":[{"embeddable":true,"href":"https:\/\/diariodominicano.com\/index.php?rest_route=\/wp\/v2\/users\/3"}],"replies":[{"embeddable":true,"href":"https:\/\/diariodominicano.com\/index.php?rest_route=%2Fwp%2Fv2%2Fcomments&post=170986"}],"version-history":[{"count":0,"href":"https:\/\/diariodominicano.com\/index.php?rest_route=\/wp\/v2\/posts\/170986\/revisions"}],"wp:attachment":[{"href":"https:\/\/diariodominicano.com\/index.php?rest_route=%2Fwp%2Fv2%2Fmedia&parent=170986"}],"wp:term":[{"taxonomy":"category","embeddable":true,"href":"https:\/\/diariodominicano.com\/index.php?rest_route=%2Fwp%2Fv2%2Fcategories&post=170986"},{"taxonomy":"post_tag","embeddable":true,"href":"https:\/\/diariodominicano.com\/index.php?rest_route=%2Fwp%2Fv2%2Ftags&post=170986"}],"curies":[{"name":"wp","href":"https:\/\/api.w.org\/{rel}","templated":true}]}}