{"id":170895,"date":"2018-04-08T02:03:53","date_gmt":"2018-04-08T02:03:53","guid":{"rendered":"http:\/\/diariodominicano.ddns.net\/?p=170895"},"modified":"2018-04-08T02:03:53","modified_gmt":"2018-04-08T02:03:53","slug":"cuba-reitera-su-apoyo-a-lula","status":"publish","type":"post","link":"https:\/\/diariodominicano.com\/?p=170895","title":{"rendered":"Cuba reitera su apoyo a Lula"},"content":{"rendered":"<p><body><\/p>\n<p><img decoding=\"async\" src=\"img3\/MINREX-LULA-DECLARACION.jpg\" \/>  <\/p>\n<p><strong> La Habana, 8 abr (PL) <\/strong>Cuba denunci\u00f3 hoy el encarcelamiento arbitrario con fines pol\u00edticos del expresidente de Brasil Luiz In\u00e1cio Lula Da Silva, en una nota de condena del Ministerio de Relaciones Exteriores.<\/p>\n<\/p>\n<p>La declaraci\u00f3n expresa textualmente: <\/p>\n<\/p>\n<p>El Ministerio de Relaciones Exteriores de la Rep\u00fablica de Cuba denuncia el encarcelamiento con fines pol\u00edticos del compa\u00f1ero Luiz In\u00e1cio &#8216;Lula&#8217; Da Silva que constituye un hecho grav\u00edsimo al intentar impedir que el l\u00edder m\u00e1s popular de Brasil sea candidato a la presidencia de ese pa\u00eds.<\/p>\n<\/p>\n<p>El Ministerio de Relaciones Exteriores reitera su solidaridad con el compa\u00f1ero Lula Da Silva, v\u00edctima de una injusta persecuci\u00f3n pol\u00edtica, judicial y medi\u00e1tica, que tiene el prop\u00f3sito de criminalizar a un l\u00edder emblem\u00e1tico de Nuestra Am\u00e9rica y a las fuerzas pol\u00edticas y sociales que emprendieron el camino hacia un Brasil m\u00e1s justo.<\/p>\n<\/p>\n<p>Al encarcelar a Lula se aspira a revertir los progresos y conquistas sociales de los gobiernos del Partido de los Trabajadores, entre ellos el haber sacado de la pobreza a millones de brasile\u00f1os.<\/p>\n<\/p>\n<p>Al compa\u00f1ero Lula y al pueblo brasile\u00f1o no les faltar\u00e1 el apoyo de gobiernos, organizaciones, fuerzas pol\u00edticas y movimientos sociales en numerosos pa\u00edses de todas las regiones.<\/p>\n<\/p>\n<p>La Habana, 7 de abril de 2018 <\/p>\n<\/p>\n<p>lma<\/p>\n<h6> 2018-04-08 02:03:53 <\/h6>\n<p><!--\n<link rel=\"stylesheet\" href=\"css\/bootstrap.min.css\">\n\n\n<ul class=\"pagination\">\n\t    \n\t\n\n<li >\n\t<a href='?page_no=6254'>Previous<\/a>\n\t<\/li>\n\n\n       \n    \n\n<li><a href='?page_no=1'>1<\/a><\/li>\n\n\n\n<li><a href='?page_no=2'>2<\/a><\/li>\n\n\n\n<li><a>...<\/a><\/li>\n\n\n\n<li><a href='?page_no=6253'>6253<\/a><\/li>\n\n\n\n<li><a href='?page_no=6254'>6254<\/a><\/li>\n\n\n\n<li class='active'><a>6255<\/a><\/li>\n\n\n\n<li><a href='?page_no=6256'>6256<\/a><\/li>\n\n\n\n<li><a href='?page_no=6257'>6257<\/a><\/li>\n\n\n\n<li><a>...<\/a><\/li>\n\n\n\n<li><a href='?page_no=36999'>36999<\/a><\/li>\n\n\n\n<li><a href='?page_no=37000'>37000<\/a><\/li>\n\n    \n\t\n\n<li >\n\t<a href='?page_no=6256'>Next<\/a>\n\t<\/li>\n\n\n    \n\n<li><a href='?page_no=37000'>Last &rsaquo;&rsaquo;<\/a><\/li>\n\n<\/ul>\n\n\n--><br \/>\n<\/body><\/p>\n","protected":false},"excerpt":{"rendered":"<p>La Habana, 8 abr (PL) Cuba denunci\u00f3 hoy el encarcelamiento arbitrario con fines pol\u00edticos del expresidente de Brasil Luiz In\u00e1cio Lula Da Silva, en una nota de condena del Ministerio de Relaciones Exteriores. La declaraci\u00f3n expresa textualmente: El Ministerio de Relaciones Exteriores de la Rep\u00fablica de Cuba denuncia el encarcelamiento con fines pol\u00edticos del compa\u00f1ero [&hellip;]<\/p>\n","protected":false},"author":3,"featured_media":0,"comment_status":"open","ping_status":"open","sticky":false,"template":"","format":"standard","meta":{"footnotes":""},"categories":[22],"tags":[],"class_list":["post-170895","post","type-post","status-publish","format-standard","hentry","category-politica"],"_links":{"self":[{"href":"https:\/\/diariodominicano.com\/index.php?rest_route=\/wp\/v2\/posts\/170895","targetHints":{"allow":["GET"]}}],"collection":[{"href":"https:\/\/diariodominicano.com\/index.php?rest_route=\/wp\/v2\/posts"}],"about":[{"href":"https:\/\/diariodominicano.com\/index.php?rest_route=\/wp\/v2\/types\/post"}],"author":[{"embeddable":true,"href":"https:\/\/diariodominicano.com\/index.php?rest_route=\/wp\/v2\/users\/3"}],"replies":[{"embeddable":true,"href":"https:\/\/diariodominicano.com\/index.php?rest_route=%2Fwp%2Fv2%2Fcomments&post=170895"}],"version-history":[{"count":0,"href":"https:\/\/diariodominicano.com\/index.php?rest_route=\/wp\/v2\/posts\/170895\/revisions"}],"wp:attachment":[{"href":"https:\/\/diariodominicano.com\/index.php?rest_route=%2Fwp%2Fv2%2Fmedia&parent=170895"}],"wp:term":[{"taxonomy":"category","embeddable":true,"href":"https:\/\/diariodominicano.com\/index.php?rest_route=%2Fwp%2Fv2%2Fcategories&post=170895"},{"taxonomy":"post_tag","embeddable":true,"href":"https:\/\/diariodominicano.com\/index.php?rest_route=%2Fwp%2Fv2%2Ftags&post=170895"}],"curies":[{"name":"wp","href":"https:\/\/api.w.org\/{rel}","templated":true}]}}