{"id":170894,"date":"2018-04-08T02:07:48","date_gmt":"2018-04-08T02:07:48","guid":{"rendered":"http:\/\/diariodominicano.ddns.net\/?p=170894"},"modified":"2018-04-08T02:07:48","modified_gmt":"2018-04-08T02:07:48","slug":"lula-es-trasladado-a-curitiba-donde-cumplira-injusta-condena","status":"publish","type":"post","link":"https:\/\/diariodominicano.com\/?p=170894","title":{"rendered":"Lula es trasladado a Curitiba, donde cumplir\u00e1 injusta condena"},"content":{"rendered":"<p><body><\/p>\n<p><img decoding=\"async\" src=\"img3\/Lula1.jpg\" \/>  <\/p>\n<p><strong> Brasilia, 7 abr (PL)<\/strong> El expresidente Luiz In\u00e1cio Lula da Silva es trasladado ya a la ciudad de Curitiba para comenzar a cumplir hoy una condena que sus abogados defensores catalogan de injusta y resultante de un proceso marcado por groseras nulidades.<\/p>\n<\/p>\n<p>A las 20:46 (hora local) despeg\u00f3 del aeropuerto de Congonhas, en Sao Paulo, el turbo h\u00e9lice monomotor del Comando A\u00e9reo Operacional de la Polic\u00eda Federal (PF) que llevar\u00e1 al exdignatario hasta la capital paranaense, donde ser\u00e1 recluido en la Superintendencia de esa misma fuerza.<\/p>\n<\/p>\n<p>Lula se puso a disposici\u00f3n de la PF esta tarde, casi 48 horas despu\u00e9s que el juez federal Sergio Moro ordenara sorpresivamente su encarcelamiento para comenzar a cumplir una pena de 12 a\u00f1os y un mes de encierro decretada en enero \u00faltimo por el Tribunal Regional Federal de la Cuarta Regi\u00f3n (TRF-4), de Porto Alegre.<\/p>\n<\/p>\n<p>En el despacho emitido el jueves en la tarde, el togado que maneja a su antojo los hilos de la operaci\u00f3n anticorrupci\u00f3n Lava Jato indic\u00f3 que el exgobernante deber\u00eda presentarse antes de las 17:00 (hora local) de este viernes en la Superintendencia de la Polic\u00eda Federal en Curitiba.<\/p>\n<\/p>\n<p>Especific\u00f3 adem\u00e1s que podr\u00eda concurrir voluntariamente, sin ser esposado bajo ninguna circunstancia, y que permanecer\u00e1 recluido en una sala especial de la Superintendencia &#8216;en raz\u00f3n de la dignidad del cargo ocupado&#8217;, y separado de los dem\u00e1s presos, sin riesgo para su integridad moral o f\u00edsica.<\/p>\n<\/p>\n<p>Sin embargo, el Diario del Centro del Mundo (DCM) denunci\u00f3 esta tarde que uno de sus periodistas tuvo acceso a detalles del lugar vendido por Moro &#8216;como algo que no es&#8217; y \u00e9ste en realidad resulta casi una de las celdas llamada &#8216;solitaria&#8217;.<\/p>\n<\/p>\n<p>Est\u00e1 hecha para maltratar a las personas, dijo una fuente a DCM y detall\u00f3 que todo all\u00ed es precario, est\u00e1 aislada del resto del edificio y ubicada en el cuarto piso, cuando los elevadores llegan solo hasta el tercer nivel.<\/p>\n<\/p>\n<p>Mientras, un Bolet\u00edn de la Resistencia citado por el diario digital Brasil 247 anticip\u00f3 que m\u00e1s de 500 personas aguardan por la llegada de Lula a Curitiba, la ciudad donde radican &#8216;los t\u00edteres de los Estados Unidos que destruyeron la econom\u00eda brasile\u00f1a y comandaron la persecuci\u00f3n judicial contra Lula&#8217;.<\/p>\n<\/p>\n<p>Condenado sin pruebas por un tribunal de excepci\u00f3n, Lula comienza a cumplir su pena, que, en la realidad, solo pretende impedir que \u00e9l dispute las elecciones presidenciales de 2018, subray\u00f3 el suelto.<\/p>\n<\/p>\n<p>ymr\/mpm\/cvl<\/p>\n<h6> 2018-04-08 02:07:48 <\/h6>\n<p><!--\n<link rel=\"stylesheet\" href=\"css\/bootstrap.min.css\">\n\n\n<ul class=\"pagination\">\n\t    \n\t\n\n<li >\n\t<a href='?page_no=6253'>Previous<\/a>\n\t<\/li>\n\n\n       \n    \n\n<li><a href='?page_no=1'>1<\/a><\/li>\n\n\n\n<li><a href='?page_no=2'>2<\/a><\/li>\n\n\n\n<li><a>...<\/a><\/li>\n\n\n\n<li><a href='?page_no=6252'>6252<\/a><\/li>\n\n\n\n<li><a href='?page_no=6253'>6253<\/a><\/li>\n\n\n\n<li class='active'><a>6254<\/a><\/li>\n\n\n\n<li><a href='?page_no=6255'>6255<\/a><\/li>\n\n\n\n<li><a href='?page_no=6256'>6256<\/a><\/li>\n\n\n\n<li><a>...<\/a><\/li>\n\n\n\n<li><a href='?page_no=36999'>36999<\/a><\/li>\n\n\n\n<li><a href='?page_no=37000'>37000<\/a><\/li>\n\n    \n\t\n\n<li >\n\t<a href='?page_no=6255'>Next<\/a>\n\t<\/li>\n\n\n    \n\n<li><a href='?page_no=37000'>Last &rsaquo;&rsaquo;<\/a><\/li>\n\n<\/ul>\n\n\n--><br \/>\n<\/body><\/p>\n","protected":false},"excerpt":{"rendered":"<p>Brasilia, 7 abr (PL) El expresidente Luiz In\u00e1cio Lula da Silva es trasladado ya a la ciudad de Curitiba para comenzar a cumplir hoy una condena que sus abogados defensores catalogan de injusta y resultante de un proceso marcado por groseras nulidades. A las 20:46 (hora local) despeg\u00f3 del aeropuerto de Congonhas, en Sao Paulo, [&hellip;]<\/p>\n","protected":false},"author":3,"featured_media":0,"comment_status":"open","ping_status":"open","sticky":false,"template":"","format":"standard","meta":{"footnotes":""},"categories":[22],"tags":[],"class_list":["post-170894","post","type-post","status-publish","format-standard","hentry","category-politica"],"_links":{"self":[{"href":"https:\/\/diariodominicano.com\/index.php?rest_route=\/wp\/v2\/posts\/170894","targetHints":{"allow":["GET"]}}],"collection":[{"href":"https:\/\/diariodominicano.com\/index.php?rest_route=\/wp\/v2\/posts"}],"about":[{"href":"https:\/\/diariodominicano.com\/index.php?rest_route=\/wp\/v2\/types\/post"}],"author":[{"embeddable":true,"href":"https:\/\/diariodominicano.com\/index.php?rest_route=\/wp\/v2\/users\/3"}],"replies":[{"embeddable":true,"href":"https:\/\/diariodominicano.com\/index.php?rest_route=%2Fwp%2Fv2%2Fcomments&post=170894"}],"version-history":[{"count":0,"href":"https:\/\/diariodominicano.com\/index.php?rest_route=\/wp\/v2\/posts\/170894\/revisions"}],"wp:attachment":[{"href":"https:\/\/diariodominicano.com\/index.php?rest_route=%2Fwp%2Fv2%2Fmedia&parent=170894"}],"wp:term":[{"taxonomy":"category","embeddable":true,"href":"https:\/\/diariodominicano.com\/index.php?rest_route=%2Fwp%2Fv2%2Fcategories&post=170894"},{"taxonomy":"post_tag","embeddable":true,"href":"https:\/\/diariodominicano.com\/index.php?rest_route=%2Fwp%2Fv2%2Ftags&post=170894"}],"curies":[{"name":"wp","href":"https:\/\/api.w.org\/{rel}","templated":true}]}}