{"id":170893,"date":"2018-04-08T02:16:20","date_gmt":"2018-04-08T02:16:20","guid":{"rendered":"http:\/\/diariodominicano.ddns.net\/?p=170893"},"modified":"2018-04-08T02:16:20","modified_gmt":"2018-04-08T02:16:20","slug":"asociacion-libanesa-se-solidariza-con-lula","status":"publish","type":"post","link":"https:\/\/diariodominicano.com\/?p=170893","title":{"rendered":"Asociaci\u00f3n libanesa se solidariza con Lula"},"content":{"rendered":"<p><body><\/p>\n<p><strong>Beirut, 8 abr (PL) <\/strong>La Asociaci\u00f3n de Solidaridad \u00c1rabe-Latinoamericana Jos\u00e9 Mart\u00ed, de El L\u00edbano, se sum\u00f3 hoy a la campa\u00f1a internacional en apoyo al l\u00edder brasile\u00f1o Luis In\u00e1cio Lula da Silva, quien enfrenta una injusta sentencia de c\u00e1rcel.<\/p>\n<\/p>\n<p>En una comunicaci\u00f3n remitida a Prensa Latina, la entidad solidaria considera que la intenci\u00f3n de encarcelar a Lula es una trama para sacarlo del juego pol\u00edtico e impedir su regreso a la primera magistratura de Brasil.<\/p>\n<\/p>\n<p>En ese caso, agrega, el l\u00edder obrero acumula la mayor cantidad de intenci\u00f3n de votos en los pr\u00f3ximos comicios, porque representa a m\u00e1s de 40 millones de pobres y despose\u00eddos que durante sus dos mandatos salieron de la penuria econ\u00f3mica.<\/p>\n<\/p>\n<p>La Jos\u00e9 Mart\u00ed libanesa opina que la pol\u00e9mica sentencia de condena deriva de las presiones de los c\u00edrculos de poder que as\u00ed tratan de imposibilitar la candidatura presidencial de Lula.<\/p>\n<\/p>\n<p>Anular a Lula forma parte de planes del exterior con el objetivo de apartar, callar y omitir a un l\u00edder que en su gesti\u00f3n presidencial redujo el desempleo a cinco por ciento, dot\u00f3 de viviendas dignas a millones de familias y entreg\u00f3 tierras a campesinos, precisa la nota.<\/p>\n<\/p>\n<p>Por tal motivo y en nombre de todos los pueblos \u00e1rabes, la asociaci\u00f3n rechaza esa injusta sentencia contra Lula y saluda al pueblo brasile\u00f1o que cerr\u00f3 filas y defiende el derecho a elegir un gobierno entre todos los candidatos posibles.<\/p>\n<\/p>\n<p>El posible arresto de Lula ser\u00eda un acto grav\u00edsimo, apunta la declaraci\u00f3n, pues busca legitimar una campa\u00f1a de descr\u00e9dito para el Partido de los Trabajadores y las fuerzas de izquierda y progresistas en Brasil.<\/p>\n<\/p>\n<p>lma\/arc<\/p>\n<h6> 2018-04-08 02:16:20 <\/h6>\n<p><!--\n<link rel=\"stylesheet\" href=\"css\/bootstrap.min.css\">\n\n\n<ul class=\"pagination\">\n\t    \n\t\n\n<li >\n\t<a href='?page_no=6252'>Previous<\/a>\n\t<\/li>\n\n\n       \n    \n\n<li><a href='?page_no=1'>1<\/a><\/li>\n\n\n\n<li><a href='?page_no=2'>2<\/a><\/li>\n\n\n\n<li><a>...<\/a><\/li>\n\n\n\n<li><a href='?page_no=6251'>6251<\/a><\/li>\n\n\n\n<li><a href='?page_no=6252'>6252<\/a><\/li>\n\n\n\n<li class='active'><a>6253<\/a><\/li>\n\n\n\n<li><a href='?page_no=6254'>6254<\/a><\/li>\n\n\n\n<li><a href='?page_no=6255'>6255<\/a><\/li>\n\n\n\n<li><a>...<\/a><\/li>\n\n\n\n<li><a href='?page_no=36999'>36999<\/a><\/li>\n\n\n\n<li><a href='?page_no=37000'>37000<\/a><\/li>\n\n    \n\t\n\n<li >\n\t<a href='?page_no=6254'>Next<\/a>\n\t<\/li>\n\n\n    \n\n<li><a href='?page_no=37000'>Last &rsaquo;&rsaquo;<\/a><\/li>\n\n<\/ul>\n\n\n--><br \/>\n<\/body><\/p>\n","protected":false},"excerpt":{"rendered":"<p>Beirut, 8 abr (PL) La Asociaci\u00f3n de Solidaridad \u00c1rabe-Latinoamericana Jos\u00e9 Mart\u00ed, de El L\u00edbano, se sum\u00f3 hoy a la campa\u00f1a internacional en apoyo al l\u00edder brasile\u00f1o Luis In\u00e1cio Lula da Silva, quien enfrenta una injusta sentencia de c\u00e1rcel. En una comunicaci\u00f3n remitida a Prensa Latina, la entidad solidaria considera que la intenci\u00f3n de encarcelar a [&hellip;]<\/p>\n","protected":false},"author":3,"featured_media":0,"comment_status":"open","ping_status":"open","sticky":false,"template":"","format":"standard","meta":{"footnotes":""},"categories":[22],"tags":[],"class_list":["post-170893","post","type-post","status-publish","format-standard","hentry","category-politica"],"_links":{"self":[{"href":"https:\/\/diariodominicano.com\/index.php?rest_route=\/wp\/v2\/posts\/170893","targetHints":{"allow":["GET"]}}],"collection":[{"href":"https:\/\/diariodominicano.com\/index.php?rest_route=\/wp\/v2\/posts"}],"about":[{"href":"https:\/\/diariodominicano.com\/index.php?rest_route=\/wp\/v2\/types\/post"}],"author":[{"embeddable":true,"href":"https:\/\/diariodominicano.com\/index.php?rest_route=\/wp\/v2\/users\/3"}],"replies":[{"embeddable":true,"href":"https:\/\/diariodominicano.com\/index.php?rest_route=%2Fwp%2Fv2%2Fcomments&post=170893"}],"version-history":[{"count":0,"href":"https:\/\/diariodominicano.com\/index.php?rest_route=\/wp\/v2\/posts\/170893\/revisions"}],"wp:attachment":[{"href":"https:\/\/diariodominicano.com\/index.php?rest_route=%2Fwp%2Fv2%2Fmedia&parent=170893"}],"wp:term":[{"taxonomy":"category","embeddable":true,"href":"https:\/\/diariodominicano.com\/index.php?rest_route=%2Fwp%2Fv2%2Fcategories&post=170893"},{"taxonomy":"post_tag","embeddable":true,"href":"https:\/\/diariodominicano.com\/index.php?rest_route=%2Fwp%2Fv2%2Ftags&post=170893"}],"curies":[{"name":"wp","href":"https:\/\/api.w.org\/{rel}","templated":true}]}}