{"id":170892,"date":"2018-04-08T10:47:26","date_gmt":"2018-04-08T10:47:26","guid":{"rendered":"http:\/\/diariodominicano.ddns.net\/?p=170892"},"modified":"2018-04-08T10:47:26","modified_gmt":"2018-04-08T10:47:26","slug":"presidente-boliviano-envia-solidaridad-a-exmandatario-brasileno-lula","status":"publish","type":"post","link":"https:\/\/diariodominicano.com\/?p=170892","title":{"rendered":"Presidente boliviano env\u00eda solidaridad a exmandatario brasile\u00f1o Lula"},"content":{"rendered":"<p><body><\/p>\n<p><img decoding=\"async\" src=\"img3\/137094251_15231465702081n.jpg\" \/><br \/><img decoding=\"async\" src=\"img3\/Evo-Deporte.jpg\" \/>  <\/p>\n<p><strong>La Paz, 8 abr (PL) <\/strong>El presidente Evo Morales expres\u00f3 hoy su solidaridad y la del pueblo boliviano por el exmandatario brasile\u00f1o Luiz Inacio Lula Da Silva, quien deber\u00e1 enfrentar una condena de m\u00e1s de 12 a\u00f1os de prisi\u00f3n por supuestos cargos de corrupci\u00f3n.<\/p>\n<\/p>\n<p>Durante la inauguraci\u00f3n de la primera Planta Fotovoltaica en el departamento de Tarija, Morales manifest\u00f3 su apoyo a Lula y plante\u00f3 que lo que sucede con el antiguo dirigente sindical es la injusticia del siglo XXI, cuyo peor delito fue ser nuevamente candidato a la presidencia de Brasil y ganador.<\/p>\n<\/p>\n<p>&#8216;Cuando surgen presidentes de izquierda que se oponen al saqueo (de los recursos naturales) vienen esta clase de golpes&#8217;, asever\u00f3 en relaci\u00f3n a lo sucedido con todos los gobiernos progresistas y de izquierda de Latinoam\u00e9rica, los cuales han sido boicoteados por el imperio estadounidense.<\/p>\n<\/p>\n<p>Refiri\u00f3 Morales, que Estados Unidos implant\u00f3 su pol\u00edtica de escarmiento y de miedo para frenar la unidad e integraci\u00f3n de los pa\u00edses de la regi\u00f3n en la lucha contra el \u00c1rea de Libre Comercio de las Am\u00e9ricas.<\/p>\n<\/p>\n<p>El dignatario de la naci\u00f3n andino amaz\u00f3nica inaugur\u00f3 esta jornada la primera Planta Fotovoltaica de Tarija, en el marco de las jornadas de celebraci\u00f3n por el 201 aniversario de ese departamento boliviano.<\/p>\n<\/p>\n<p>La planta, ubicada en el municipio de Yunchar\u00e1 y con un costo de construcci\u00f3n de 79,4 millones de bolivianos (unos 11 millones 490 mil 593 d\u00f3lares), est\u00e1 conformada por 19 mil 152 paneles solares emplazados en 12 hect\u00e1reas y generar\u00e1 una potencia de cinco megavatios de energ\u00eda al Sistema Interconectado Nacional.<\/p>\n<\/p>\n<p>Agreg\u00f3, que a nivel nacional se producen dos mil 100 megavatios y el consumo en los d\u00edas altos llega a mil 500, por lo cual se obtiene una reserva de 600 megavatios, que para el pr\u00f3ximo a\u00f1o est\u00e1 previsto llegar hasta los mil megavatios de reserva.<\/p>\n<\/p>\n<p>Este prop\u00f3sito consolida el deseo de convertir a Bolivia en el centro energ\u00e9tico de Sudam\u00e9rica, naci\u00f3n que para el 2019 exportar\u00e1 los primeros 100 megavatios a Argentina, inform\u00f3 el mandatario.<\/p>\n<\/p>\n<p>mem\/amm<\/p>\n<h6> 2018-04-08 10:47:26 <\/h6>\n<p><!--\n<link rel=\"stylesheet\" href=\"css\/bootstrap.min.css\">\n\n\n<ul class=\"pagination\">\n\t    \n\t\n\n<li >\n\t<a href='?page_no=6251'>Previous<\/a>\n\t<\/li>\n\n\n       \n    \n\n<li><a href='?page_no=1'>1<\/a><\/li>\n\n\n\n<li><a href='?page_no=2'>2<\/a><\/li>\n\n\n\n<li><a>...<\/a><\/li>\n\n\n\n<li><a href='?page_no=6250'>6250<\/a><\/li>\n\n\n\n<li><a href='?page_no=6251'>6251<\/a><\/li>\n\n\n\n<li class='active'><a>6252<\/a><\/li>\n\n\n\n<li><a href='?page_no=6253'>6253<\/a><\/li>\n\n\n\n<li><a href='?page_no=6254'>6254<\/a><\/li>\n\n\n\n<li><a>...<\/a><\/li>\n\n\n\n<li><a href='?page_no=36999'>36999<\/a><\/li>\n\n\n\n<li><a href='?page_no=37000'>37000<\/a><\/li>\n\n    \n\t\n\n<li >\n\t<a href='?page_no=6253'>Next<\/a>\n\t<\/li>\n\n\n    \n\n<li><a href='?page_no=37000'>Last &rsaquo;&rsaquo;<\/a><\/li>\n\n<\/ul>\n\n\n--><br \/>\n<\/body><\/p>\n","protected":false},"excerpt":{"rendered":"<p>La Paz, 8 abr (PL) El presidente Evo Morales expres\u00f3 hoy su solidaridad y la del pueblo boliviano por el exmandatario brasile\u00f1o Luiz Inacio Lula Da Silva, quien deber\u00e1 enfrentar una condena de m\u00e1s de 12 a\u00f1os de prisi\u00f3n por supuestos cargos de corrupci\u00f3n. Durante la inauguraci\u00f3n de la primera Planta Fotovoltaica en el departamento [&hellip;]<\/p>\n","protected":false},"author":3,"featured_media":0,"comment_status":"open","ping_status":"open","sticky":false,"template":"","format":"standard","meta":{"footnotes":""},"categories":[22],"tags":[],"class_list":["post-170892","post","type-post","status-publish","format-standard","hentry","category-politica"],"_links":{"self":[{"href":"https:\/\/diariodominicano.com\/index.php?rest_route=\/wp\/v2\/posts\/170892","targetHints":{"allow":["GET"]}}],"collection":[{"href":"https:\/\/diariodominicano.com\/index.php?rest_route=\/wp\/v2\/posts"}],"about":[{"href":"https:\/\/diariodominicano.com\/index.php?rest_route=\/wp\/v2\/types\/post"}],"author":[{"embeddable":true,"href":"https:\/\/diariodominicano.com\/index.php?rest_route=\/wp\/v2\/users\/3"}],"replies":[{"embeddable":true,"href":"https:\/\/diariodominicano.com\/index.php?rest_route=%2Fwp%2Fv2%2Fcomments&post=170892"}],"version-history":[{"count":0,"href":"https:\/\/diariodominicano.com\/index.php?rest_route=\/wp\/v2\/posts\/170892\/revisions"}],"wp:attachment":[{"href":"https:\/\/diariodominicano.com\/index.php?rest_route=%2Fwp%2Fv2%2Fmedia&parent=170892"}],"wp:term":[{"taxonomy":"category","embeddable":true,"href":"https:\/\/diariodominicano.com\/index.php?rest_route=%2Fwp%2Fv2%2Fcategories&post=170892"},{"taxonomy":"post_tag","embeddable":true,"href":"https:\/\/diariodominicano.com\/index.php?rest_route=%2Fwp%2Fv2%2Ftags&post=170892"}],"curies":[{"name":"wp","href":"https:\/\/api.w.org\/{rel}","templated":true}]}}