{"id":170887,"date":"2018-04-09T12:39:52","date_gmt":"2018-04-09T12:39:52","guid":{"rendered":"http:\/\/diariodominicano.ddns.net\/?p=170887"},"modified":"2018-04-09T12:39:52","modified_gmt":"2018-04-09T12:39:52","slug":"jimenez-afirma-sentencia-003-2018-abre-posibilidad-de-renovacion-en-prsc","status":"publish","type":"post","link":"https:\/\/diariodominicano.com\/?p=170887","title":{"rendered":"Jim\u00e9nez afirma sentencia 003-2018 abre posibilidad de renovaci\u00f3n en PRSC"},"content":{"rendered":"<p><body><\/p>\n<p><img decoding=\"async\" src=\"img3\/senten1.jpg\" \/>  <\/p>\n<p>SANTO DOMINGO:  El Presidente del Partido Reformista Social Cristiano (PRSC) en la circunscripci\u00f3n n\u00famero 1 del Distrito Nacional,<\/p>\n<p>Wellington Jim\u00e9nez afirmo que la sentencia 003-2018 emitida por el Tribunal Superior Electoral (TSE) que anul\u00f3 la asamblea ordinaria<\/p>\n<p>realizada por la facci\u00f3n de Federico Ant\u00fan Batlle, celebrada el 17 de septiembre de 2017 en el Coliseo de Boxeo Carlos Teo Cruz, abre nuevas<\/p>\n<p>posibilidades para escoger una nueva direcci\u00f3n partidaria acorde a los nuevos tiempos.<\/p>\n<\/p>\n<p>Jim\u00e9nez, afirm\u00f3 que la actividad convocada por Ant\u00fan Batlle, donde este pretend\u00eda abrogarse cuatro a\u00f1os m\u00e1s en la direcci\u00f3n del PRSC, no<\/p>\n<p>solo violo el art. 52 del estatuto partidario como estableci\u00f3 en su dispositivo y motivaciones la sentencia 003-2018, en el sentido que<\/p>\n<p>los que condujeron la asamblea fueron los mismos que se auto escogieron, si no tambi\u00e9n que la n\u00f3mina de los asamble\u00edstas no correspond\u00eda a la realidad del partido Reformista.<\/p>\n<\/p>\n<p>\u00b4\u00b4Esta decisi\u00f3n est\u00e1 en consonancia a lo que establece la Ley Electoral, nuestro estatuto partidario, la Constituci\u00f3n de la Rep\u00fablica y sobre todo a un elevado criterio de prudencia pol\u00edtica, que nos permitir\u00e1 presentar a la sociedad un partido Reformista con credibilidad y acorde a los nuevos tiempos\u00b4\u00b4 se\u00f1alo Jim\u00e9nez.<\/p>\n<\/p>\n<p>El dirigente pol\u00edtico afirm\u00f3 que Ant\u00fan Batlle esta conminado a convocar a la brevedad la Comisi\u00f3n Ejecutiva para esta fijar m\u00e9todo y<\/p>\n<p>fecha para la escogencia de las autoridades que dirigir\u00e1n ese partido pol\u00edtico por los pr\u00f3ximos cuatro a\u00f1os.<\/p>\n<h6> 2018-04-09 12:39:52 <\/h6>\n<p><!--\n<link rel=\"stylesheet\" href=\"css\/bootstrap.min.css\">\n\n\n<ul class=\"pagination\">\n\t    \n\t\n\n<li >\n\t<a href='?page_no=6247'>Previous<\/a>\n\t<\/li>\n\n\n       \n    \n\n<li><a href='?page_no=1'>1<\/a><\/li>\n\n\n\n<li><a href='?page_no=2'>2<\/a><\/li>\n\n\n\n<li><a>...<\/a><\/li>\n\n\n\n<li><a href='?page_no=6246'>6246<\/a><\/li>\n\n\n\n<li><a href='?page_no=6247'>6247<\/a><\/li>\n\n\n\n<li class='active'><a>6248<\/a><\/li>\n\n\n\n<li><a href='?page_no=6249'>6249<\/a><\/li>\n\n\n\n<li><a href='?page_no=6250'>6250<\/a><\/li>\n\n\n\n<li><a>...<\/a><\/li>\n\n\n\n<li><a href='?page_no=36999'>36999<\/a><\/li>\n\n\n\n<li><a href='?page_no=37000'>37000<\/a><\/li>\n\n    \n\t\n\n<li >\n\t<a href='?page_no=6249'>Next<\/a>\n\t<\/li>\n\n\n    \n\n<li><a href='?page_no=37000'>Last &rsaquo;&rsaquo;<\/a><\/li>\n\n<\/ul>\n\n\n--><br \/>\n<\/body><\/p>\n","protected":false},"excerpt":{"rendered":"<p>SANTO DOMINGO: El Presidente del Partido Reformista Social Cristiano (PRSC) en la circunscripci\u00f3n n\u00famero 1 del Distrito Nacional, Wellington Jim\u00e9nez afirmo que la sentencia 003-2018 emitida por el Tribunal Superior Electoral (TSE) que anul\u00f3 la asamblea ordinaria realizada por la facci\u00f3n de Federico Ant\u00fan Batlle, celebrada el 17 de septiembre de 2017 en el Coliseo [&hellip;]<\/p>\n","protected":false},"author":3,"featured_media":0,"comment_status":"open","ping_status":"open","sticky":false,"template":"","format":"standard","meta":{"footnotes":""},"categories":[22],"tags":[],"class_list":["post-170887","post","type-post","status-publish","format-standard","hentry","category-politica"],"_links":{"self":[{"href":"https:\/\/diariodominicano.com\/index.php?rest_route=\/wp\/v2\/posts\/170887","targetHints":{"allow":["GET"]}}],"collection":[{"href":"https:\/\/diariodominicano.com\/index.php?rest_route=\/wp\/v2\/posts"}],"about":[{"href":"https:\/\/diariodominicano.com\/index.php?rest_route=\/wp\/v2\/types\/post"}],"author":[{"embeddable":true,"href":"https:\/\/diariodominicano.com\/index.php?rest_route=\/wp\/v2\/users\/3"}],"replies":[{"embeddable":true,"href":"https:\/\/diariodominicano.com\/index.php?rest_route=%2Fwp%2Fv2%2Fcomments&post=170887"}],"version-history":[{"count":0,"href":"https:\/\/diariodominicano.com\/index.php?rest_route=\/wp\/v2\/posts\/170887\/revisions"}],"wp:attachment":[{"href":"https:\/\/diariodominicano.com\/index.php?rest_route=%2Fwp%2Fv2%2Fmedia&parent=170887"}],"wp:term":[{"taxonomy":"category","embeddable":true,"href":"https:\/\/diariodominicano.com\/index.php?rest_route=%2Fwp%2Fv2%2Fcategories&post=170887"},{"taxonomy":"post_tag","embeddable":true,"href":"https:\/\/diariodominicano.com\/index.php?rest_route=%2Fwp%2Fv2%2Ftags&post=170887"}],"curies":[{"name":"wp","href":"https:\/\/api.w.org\/{rel}","templated":true}]}}