{"id":170883,"date":"2018-04-10T01:04:38","date_gmt":"2018-04-10T01:04:38","guid":{"rendered":"http:\/\/diariodominicano.ddns.net\/?p=170883"},"modified":"2018-04-10T01:04:38","modified_gmt":"2018-04-10T01:04:38","slug":"lula-continua-siendo-nuestro-candidato-reafirma-pt","status":"publish","type":"post","link":"https:\/\/diariodominicano.com\/?p=170883","title":{"rendered":"Lula contin\u00faa siendo nuestro candidato, reafirma PT"},"content":{"rendered":"<p><body><\/p>\n<p><img decoding=\"async\" src=\"img3\/Lula-PT.jpg\" \/>  <\/p>\n<p><strong> Brasilia, 9 abr (PL)<\/strong> El Partido de los Trabajadores (PT) de Brasil reafirm\u00f3 hoy que Luiz In\u00e1cio Lula da Silva contin\u00faa siendo su aspirante a la Presidencia de la Rep\u00fablica y que registrar\u00e1 su candidatura el pr\u00f3ximo 15 de agosto.<\/p>\n<\/p>\n<p>La prisi\u00f3n inconstitucional de Lula, su condena sin pruebas por jueces parciales, y la negativa de la quinta sala del Superior Tribunal de Justicia (STJ) y de la mayor\u00eda del Supremo Tribunal Federal (STF) del derecho de recurrir en libertad constituyen la mayor violencia contra un l\u00edder nacional desde la redemocratizaci\u00f3n, sostuvo el PT.<\/p>\n<\/p>\n<p>En una resoluci\u00f3n aprobada esta noche en la ciudad de Curitiba, donde el l\u00edder hist\u00f3rico y fundador del PT cumple condena desde el s\u00e1bado \u00faltimo, la direcci\u00f3n nacional del partido remarc\u00f3 que esa violencia despierta indignaci\u00f3n dentro y fuera del pa\u00eds y corrobora el hecho de que Lula es el mayor l\u00edder pol\u00edtico de Brasil.<\/p>\n<\/p>\n<p>La estatura pol\u00edtica y personal del expresidente se agigant\u00f3 por la manera digna como \u00e9l cumpli\u00f3 la ilegal orden de prisi\u00f3n, en el sindicato (de los trabajadores metal\u00fargicos de San Bernardo del Campo) que fue la cuna de su liderazgo.<\/p>\n<\/p>\n<p>Lula -signific\u00f3- sali\u00f3 de cabeza erguida y en los brazos del pueblo, una imagen que repercuti\u00f3 alrededor del mundo.<\/p>\n<\/p>\n<p>M\u00e1s adelante se\u00f1ala que la prisi\u00f3n ilegal de Lula es un desdoblamiento del gran golpe contra la democracia que comenz\u00f3 con el impeachment sin crimen de la presidenta Dilma Rousseff y que llev\u00f3 a retirar derechos a los trabajadores, al desmantelamiento de empresas p\u00fablicas y la entrega de la soberan\u00eda y del patrimonio nacional.<\/p>\n<\/p>\n<p>Lula es un preso pol\u00edtico y es inocente, proclama el documento y puntualiza que la principal tarea del PT &#8216;es luchar por la libertad de Lula, en acciones coordinadas con otros partidos pol\u00edticos, movimientos sociales, frentes, organizaciones y personalidades de todo o Brasil y de otros pa\u00edses&#8217;.<\/p>\n<\/p>\n<p>En ese sentido informa que cabr\u00e1 a la Direcci\u00f3n Nacional del PT hacer las articulaciones con otros partidos, las cuales ser\u00e1n conducidas por la presidenta Gleisi Hoffmann, designada por Lula como su portavoz pol\u00edtica hasta que \u00e9l recupere su libertad.<\/p>\n<\/p>\n<p>La resoluci\u00f3n agradece adem\u00e1s a los miles de brasile\u00f1os que se movilizaron en San Bernardo del Campo (Sao Paulo) y en centenas de ciudades del pa\u00eds y en el exterior, en defensa de la libertad del expresidente.<\/p>\n<\/p>\n<p>Desde el \u00faltimo s\u00e1bado -recuerda- esta movilizaci\u00f3n tiene su centro pol\u00edtico en Curitiba, donde se realiza una Vigilia Democr\u00e1tica por la Libertad de Lula en las proximidades de la sede de la Polic\u00eda Federal, el lugar designado por el juez Sergio Moro para que el exdignatario comenzara a cumplir su injusta condena de 12 a\u00f1os.<\/p>\n<h6> 2018-04-10 01:04:38 <\/h6>\n<p><!--\n<link rel=\"stylesheet\" href=\"css\/bootstrap.min.css\">\n\n\n<ul class=\"pagination\">\n\t    \n\t\n\n<li >\n\t<a href='?page_no=6243'>Previous<\/a>\n\t<\/li>\n\n\n       \n    \n\n<li><a href='?page_no=1'>1<\/a><\/li>\n\n\n\n<li><a href='?page_no=2'>2<\/a><\/li>\n\n\n\n<li><a>...<\/a><\/li>\n\n\n\n<li><a href='?page_no=6242'>6242<\/a><\/li>\n\n\n\n<li><a href='?page_no=6243'>6243<\/a><\/li>\n\n\n\n<li class='active'><a>6244<\/a><\/li>\n\n\n\n<li><a href='?page_no=6245'>6245<\/a><\/li>\n\n\n\n<li><a href='?page_no=6246'>6246<\/a><\/li>\n\n\n\n<li><a>...<\/a><\/li>\n\n\n\n<li><a href='?page_no=36999'>36999<\/a><\/li>\n\n\n\n<li><a href='?page_no=37000'>37000<\/a><\/li>\n\n    \n\t\n\n<li >\n\t<a href='?page_no=6245'>Next<\/a>\n\t<\/li>\n\n\n    \n\n<li><a href='?page_no=37000'>Last &rsaquo;&rsaquo;<\/a><\/li>\n\n<\/ul>\n\n\n--><br \/>\n<\/body><\/p>\n","protected":false},"excerpt":{"rendered":"<p>Brasilia, 9 abr (PL) El Partido de los Trabajadores (PT) de Brasil reafirm\u00f3 hoy que Luiz In\u00e1cio Lula da Silva contin\u00faa siendo su aspirante a la Presidencia de la Rep\u00fablica y que registrar\u00e1 su candidatura el pr\u00f3ximo 15 de agosto. La prisi\u00f3n inconstitucional de Lula, su condena sin pruebas por jueces parciales, y la negativa [&hellip;]<\/p>\n","protected":false},"author":3,"featured_media":0,"comment_status":"open","ping_status":"open","sticky":false,"template":"","format":"standard","meta":{"footnotes":""},"categories":[22],"tags":[],"class_list":["post-170883","post","type-post","status-publish","format-standard","hentry","category-politica"],"_links":{"self":[{"href":"https:\/\/diariodominicano.com\/index.php?rest_route=\/wp\/v2\/posts\/170883","targetHints":{"allow":["GET"]}}],"collection":[{"href":"https:\/\/diariodominicano.com\/index.php?rest_route=\/wp\/v2\/posts"}],"about":[{"href":"https:\/\/diariodominicano.com\/index.php?rest_route=\/wp\/v2\/types\/post"}],"author":[{"embeddable":true,"href":"https:\/\/diariodominicano.com\/index.php?rest_route=\/wp\/v2\/users\/3"}],"replies":[{"embeddable":true,"href":"https:\/\/diariodominicano.com\/index.php?rest_route=%2Fwp%2Fv2%2Fcomments&post=170883"}],"version-history":[{"count":0,"href":"https:\/\/diariodominicano.com\/index.php?rest_route=\/wp\/v2\/posts\/170883\/revisions"}],"wp:attachment":[{"href":"https:\/\/diariodominicano.com\/index.php?rest_route=%2Fwp%2Fv2%2Fmedia&parent=170883"}],"wp:term":[{"taxonomy":"category","embeddable":true,"href":"https:\/\/diariodominicano.com\/index.php?rest_route=%2Fwp%2Fv2%2Fcategories&post=170883"},{"taxonomy":"post_tag","embeddable":true,"href":"https:\/\/diariodominicano.com\/index.php?rest_route=%2Fwp%2Fv2%2Ftags&post=170883"}],"curies":[{"name":"wp","href":"https:\/\/api.w.org\/{rel}","templated":true}]}}