{"id":170881,"date":"2018-04-10T12:06:26","date_gmt":"2018-04-10T12:06:26","guid":{"rendered":"http:\/\/diariodominicano.ddns.net\/?p=170881"},"modified":"2018-04-10T12:06:26","modified_gmt":"2018-04-10T12:06:26","slug":"senador-eddy-mateo-valora-firma-de-prestamo-para-la-presa-de-monte-grande","status":"publish","type":"post","link":"https:\/\/diariodominicano.com\/?p=170881","title":{"rendered":"Senador Eddy Mateo valora firma de pr\u00e9stamo para la presa de Monte Grande"},"content":{"rendered":"<p><body><\/p>\n<p><img decoding=\"async\" src=\"img3\/eddym.jpg\" \/>  <\/p>\n<p>BARAHONA: El senador Eddy Mateo V\u00e1squez, valor\u00f3 la firma del contrato de pr\u00e9stamo entre el gobierno dominicano y  el Banco Centroamericano de Integraci\u00f3n Econ\u00f3mica (BCIE) por US$249.6 millones para la construcci\u00f3n  de la Presa de Monte Grande.<\/p>\n<\/p>\n<p>Mateo V\u00e1squez, se\u00f1al\u00f3 que con  la ejecuci\u00f3n  de la presa de Monte Grande, ser\u00edan incorporadas m\u00e1s de 400 mil tareas a la producci\u00f3n agr\u00edcola, las cuales generar\u00edan m\u00e1s 31 millones de d\u00f3lares anuales.<\/p>\n<\/p>\n<p>Adem\u00e1s aportar\u00eda 20 megavatios, al sistema energ\u00e9tico que podr\u00edan ser distribuidos en esta zona para contrarrestar los apagones.<\/p>\n<\/p>\n<p>El congresista se\u00f1al\u00f3 que la edificaci\u00f3n de la  presa, generar\u00eda miles de empleos directos e indirectos y reducir\u00eda el nivel de pobreza de<\/p>\n<p>los m\u00e1s de 350 mil habitantes de la regi\u00f3n Enriquillo.<\/p>\n<\/p>\n<p>Indic\u00f3, que la construcci\u00f3n de la presa ayudar\u00e1 a reducir las inundaciones del r\u00edo Yaque del Sur, a las comunidades de Fundaci\u00f3n,<\/p>\n<p>Jaquimeyes, Vicente Noble, Palo Alto, Mena, Tamayo, Uvilla, El Pe\u00f1\u00f3n, Cabral, Canoa, Habanero, La Hoya, Pescader\u00eda, El Jobo, entre otras.<\/p>\n<\/p>\n<p>El convenio fue firmado por el ministro de Hacienda, Donald Guerrero Ortiz, en representaci\u00f3n del Estado dominicano, y Alejandro Rodr\u00edguez<\/p>\n<p>Zamora, vicepresidente ejecutivo del BCIE, entidad que promueve la integraci\u00f3n y el desarrollo econ\u00f3mico y social equilibrado de la regi\u00f3n centroamericana.<\/p>\n<h6> 2018-04-10 12:06:26 <\/h6>\n<p><!--\n<link rel=\"stylesheet\" href=\"css\/bootstrap.min.css\">\n\n\n<ul class=\"pagination\">\n\t    \n\t\n\n<li >\n\t<a href='?page_no=6241'>Previous<\/a>\n\t<\/li>\n\n\n       \n    \n\n<li><a href='?page_no=1'>1<\/a><\/li>\n\n\n\n<li><a href='?page_no=2'>2<\/a><\/li>\n\n\n\n<li><a>...<\/a><\/li>\n\n\n\n<li><a href='?page_no=6240'>6240<\/a><\/li>\n\n\n\n<li><a href='?page_no=6241'>6241<\/a><\/li>\n\n\n\n<li class='active'><a>6242<\/a><\/li>\n\n\n\n<li><a href='?page_no=6243'>6243<\/a><\/li>\n\n\n\n<li><a href='?page_no=6244'>6244<\/a><\/li>\n\n\n\n<li><a>...<\/a><\/li>\n\n\n\n<li><a href='?page_no=36999'>36999<\/a><\/li>\n\n\n\n<li><a href='?page_no=37000'>37000<\/a><\/li>\n\n    \n\t\n\n<li >\n\t<a href='?page_no=6243'>Next<\/a>\n\t<\/li>\n\n\n    \n\n<li><a href='?page_no=37000'>Last &rsaquo;&rsaquo;<\/a><\/li>\n\n<\/ul>\n\n\n--><br \/>\n<\/body><\/p>\n","protected":false},"excerpt":{"rendered":"<p>BARAHONA: El senador Eddy Mateo V\u00e1squez, valor\u00f3 la firma del contrato de pr\u00e9stamo entre el gobierno dominicano y el Banco Centroamericano de Integraci\u00f3n Econ\u00f3mica (BCIE) por US$249.6 millones para la construcci\u00f3n de la Presa de Monte Grande. Mateo V\u00e1squez, se\u00f1al\u00f3 que con la ejecuci\u00f3n de la presa de Monte Grande, ser\u00edan incorporadas m\u00e1s de 400 [&hellip;]<\/p>\n","protected":false},"author":3,"featured_media":0,"comment_status":"open","ping_status":"open","sticky":false,"template":"","format":"standard","meta":{"footnotes":""},"categories":[22],"tags":[],"class_list":["post-170881","post","type-post","status-publish","format-standard","hentry","category-politica"],"_links":{"self":[{"href":"https:\/\/diariodominicano.com\/index.php?rest_route=\/wp\/v2\/posts\/170881","targetHints":{"allow":["GET"]}}],"collection":[{"href":"https:\/\/diariodominicano.com\/index.php?rest_route=\/wp\/v2\/posts"}],"about":[{"href":"https:\/\/diariodominicano.com\/index.php?rest_route=\/wp\/v2\/types\/post"}],"author":[{"embeddable":true,"href":"https:\/\/diariodominicano.com\/index.php?rest_route=\/wp\/v2\/users\/3"}],"replies":[{"embeddable":true,"href":"https:\/\/diariodominicano.com\/index.php?rest_route=%2Fwp%2Fv2%2Fcomments&post=170881"}],"version-history":[{"count":0,"href":"https:\/\/diariodominicano.com\/index.php?rest_route=\/wp\/v2\/posts\/170881\/revisions"}],"wp:attachment":[{"href":"https:\/\/diariodominicano.com\/index.php?rest_route=%2Fwp%2Fv2%2Fmedia&parent=170881"}],"wp:term":[{"taxonomy":"category","embeddable":true,"href":"https:\/\/diariodominicano.com\/index.php?rest_route=%2Fwp%2Fv2%2Fcategories&post=170881"},{"taxonomy":"post_tag","embeddable":true,"href":"https:\/\/diariodominicano.com\/index.php?rest_route=%2Fwp%2Fv2%2Ftags&post=170881"}],"curies":[{"name":"wp","href":"https:\/\/api.w.org\/{rel}","templated":true}]}}