{"id":170879,"date":"2018-04-10T12:32:27","date_gmt":"2018-04-10T12:32:27","guid":{"rendered":"http:\/\/diariodominicano.ddns.net\/?p=170879"},"modified":"2018-04-10T12:32:27","modified_gmt":"2018-04-10T12:32:27","slug":"alejandrina-german-apunta-que-renovacion-de-los-partidos-politicos-depende-de-las-capacidades-formacion-y-competencias-de-sus-miembros","status":"publish","type":"post","link":"https:\/\/diariodominicano.com\/?p=170879","title":{"rendered":"Alejandrina Germ\u00e1n apunta que renovaci\u00f3n de los partidos pol\u00edticos depende de  las capacidades, formaci\u00f3n y competencias de sus miembros"},"content":{"rendered":"<p><body><\/p>\n<p><img decoding=\"async\" src=\"img3\/alejan11.jpg\" \/>  <\/p>\n<p>Los partidos pol\u00edticos  requieren de   una campa\u00f1a educativa que oriente a sus miembros  y a la sociedad,  sobre los nuevos lineamientos a seguir ante los acelerados cambios que demandan las sociedades, afirma Alejandrina Germ\u00e1n integrante del Comit\u00e9 Pol\u00edtico del Parido de la Liberaci\u00f3n Dominicana (PLD) y titular de la Secretaria de Formaci\u00f3n Pol\u00edtica.<\/p>\n<\/p>\n<p>La opini\u00f3n de Germ\u00e1n se destaca en un trabajo publicado este d\u00eda en los peri\u00f3dicos  El Caribe y Vanguardia del Pueblo en su formato digital,  en el que tambi\u00e9n plantea que los partidos deben responder a un esquema en el que la revisi\u00f3n de sus estructuras, la relaci\u00f3n partido-sociedad y la rendici\u00f3n de cuentas se constituyan en tareas prioritarias.<\/p>\n<\/p>\n<p>\u00abEl reto que tenemos por delante es el establecimiento de mecanismos para que estos programas de formaci\u00f3n pol\u00edtica impacten a los partidos pol\u00edticos y a la ciudadan\u00eda en t\u00e9rminos generales, para lograr que la gente conf\u00ede en los partidos y anhele participar en los mismos\u00bb escribe Alejandrina Germ\u00e1n en el art\u00edculo que titula \u00abEducaci\u00f3n pol\u00edtica y renovaci\u00f3n de partidos\u00bb.<\/p>\n<\/p>\n<p>Sostiene  la tambi\u00e9n ministra de Educaci\u00f3n Superior, Ciencias y Tecnolog\u00edas que para lograr que la gente conf\u00ede en los partidos y anhele participar en los mismos se hace necesario que las agrupaciones sean ejemplos de organizaciones democr\u00e1ticas y progresistas, acorde con los nuevos tiempos; \u00abya que debemos predicar con el ejemplo, hasta conseguir que la actividad pol\u00edtica sea bien valorada\u00bb.<\/p>\n<\/p>\n<p>Alejandrina Germ\u00e1n concluye su reflexi\u00f3n sobre los partidos pol\u00edticos y su necesaria renovaci\u00f3n explicando ese paso transformador \u00abno depende de los rangos de edad de sus integrantes\u00bb,  \u00absi no en las capacidades, formaci\u00f3n y competencias de sus miembros para responder a las demandas de la sociedad del siglo XXI y en su disposici\u00f3n para actuar siempre apegados a los principios, valores, actitudes y convicciones que asume la organizaci\u00f3n de la cual forman parte\u00bb.<\/p>\n<h6> 2018-04-10 12:32:27 <\/h6>\n<p><!--\n<link rel=\"stylesheet\" href=\"css\/bootstrap.min.css\">\n\n\n<ul class=\"pagination\">\n\t    \n\t\n\n<li >\n\t<a href='?page_no=6239'>Previous<\/a>\n\t<\/li>\n\n\n       \n    \n\n<li><a href='?page_no=1'>1<\/a><\/li>\n\n\n\n<li><a href='?page_no=2'>2<\/a><\/li>\n\n\n\n<li><a>...<\/a><\/li>\n\n\n\n<li><a href='?page_no=6238'>6238<\/a><\/li>\n\n\n\n<li><a href='?page_no=6239'>6239<\/a><\/li>\n\n\n\n<li class='active'><a>6240<\/a><\/li>\n\n\n\n<li><a href='?page_no=6241'>6241<\/a><\/li>\n\n\n\n<li><a href='?page_no=6242'>6242<\/a><\/li>\n\n\n\n<li><a>...<\/a><\/li>\n\n\n\n<li><a href='?page_no=36999'>36999<\/a><\/li>\n\n\n\n<li><a href='?page_no=37000'>37000<\/a><\/li>\n\n    \n\t\n\n<li >\n\t<a href='?page_no=6241'>Next<\/a>\n\t<\/li>\n\n\n    \n\n<li><a href='?page_no=37000'>Last &rsaquo;&rsaquo;<\/a><\/li>\n\n<\/ul>\n\n\n--><br \/>\n<\/body><\/p>\n","protected":false},"excerpt":{"rendered":"<p>Los partidos pol\u00edticos requieren de una campa\u00f1a educativa que oriente a sus miembros y a la sociedad, sobre los nuevos lineamientos a seguir ante los acelerados cambios que demandan las sociedades, afirma Alejandrina Germ\u00e1n integrante del Comit\u00e9 Pol\u00edtico del Parido de la Liberaci\u00f3n Dominicana (PLD) y titular de la Secretaria de Formaci\u00f3n Pol\u00edtica. La opini\u00f3n [&hellip;]<\/p>\n","protected":false},"author":3,"featured_media":0,"comment_status":"open","ping_status":"open","sticky":false,"template":"","format":"standard","meta":{"footnotes":""},"categories":[22],"tags":[],"class_list":["post-170879","post","type-post","status-publish","format-standard","hentry","category-politica"],"_links":{"self":[{"href":"https:\/\/diariodominicano.com\/index.php?rest_route=\/wp\/v2\/posts\/170879","targetHints":{"allow":["GET"]}}],"collection":[{"href":"https:\/\/diariodominicano.com\/index.php?rest_route=\/wp\/v2\/posts"}],"about":[{"href":"https:\/\/diariodominicano.com\/index.php?rest_route=\/wp\/v2\/types\/post"}],"author":[{"embeddable":true,"href":"https:\/\/diariodominicano.com\/index.php?rest_route=\/wp\/v2\/users\/3"}],"replies":[{"embeddable":true,"href":"https:\/\/diariodominicano.com\/index.php?rest_route=%2Fwp%2Fv2%2Fcomments&post=170879"}],"version-history":[{"count":0,"href":"https:\/\/diariodominicano.com\/index.php?rest_route=\/wp\/v2\/posts\/170879\/revisions"}],"wp:attachment":[{"href":"https:\/\/diariodominicano.com\/index.php?rest_route=%2Fwp%2Fv2%2Fmedia&parent=170879"}],"wp:term":[{"taxonomy":"category","embeddable":true,"href":"https:\/\/diariodominicano.com\/index.php?rest_route=%2Fwp%2Fv2%2Fcategories&post=170879"},{"taxonomy":"post_tag","embeddable":true,"href":"https:\/\/diariodominicano.com\/index.php?rest_route=%2Fwp%2Fv2%2Ftags&post=170879"}],"curies":[{"name":"wp","href":"https:\/\/api.w.org\/{rel}","templated":true}]}}