{"id":170875,"date":"2018-04-10T13:39:57","date_gmt":"2018-04-10T13:39:57","guid":{"rendered":"http:\/\/diariodominicano.ddns.net\/?p=170875"},"modified":"2018-04-10T13:39:57","modified_gmt":"2018-04-10T13:39:57","slug":"elpidio-baez-la-seguridad-es-una-tarea-de-todos-en-la-sociedad-no-solo-de-los-gobiernos-sino-de-los-gobernados","status":"publish","type":"post","link":"https:\/\/diariodominicano.com\/?p=170875","title":{"rendered":"Elpidio B\u00e1ez: \u00abla seguridad es una tarea de todos en la sociedad no solo de los gobiernos sino de los gobernados\u00bb&#13;&#13;"},"content":{"rendered":"<p><body><\/p>\n<p><img decoding=\"async\" src=\"img3\/elpisd.jpg\" \/>  <\/p>\n<p>El secretario de Participaci\u00f3n Comunitaria del Partido de la Liberaci\u00f3n Dominicana, Elpidio B\u00e1ez, es de opini\u00f3n  que se debe  apostar a la unidad de esa organizaci\u00f3n y no a la divisi\u00f3n porque un partido unido, este en el gobierno o en la oposici\u00f3n, ayuda a mejorar la democracia.<\/p>\n<\/p>\n<p>Elpidio B\u00e1ez, tambi\u00e9n diputado por el PLD, agreg\u00f3 que ning\u00fan l\u00edder pol\u00edtico puede apostar a la divisi\u00f3n porque le hace da\u00f1o, adem\u00e1s de su partido, a la sociedad.<\/p>\n<\/p>\n<p>\u00abNosotros con un partido unido como el PLD garantizamos muchos gobiernos, muchos buenos gobiernos, como los gobiernos de Leonel Fern\u00e1ndez y Danilo Medina, que  han transformado la sociedad dominicana\u00bb, destac\u00f3 B\u00e1ez en declaraciones a la prensa.<\/p>\n<\/p>\n<p>El dirigente comunitario manifest\u00f3 que primero hay que pensar en la sociedad antes que en grupos internos y divisiones. \u00abMi apuesta es y siempre ha sido por la unidad. Lo hago por Juan Bosch, el PLD y la sociedad dominicana\u00bb.<\/p>\n<\/p>\n<p>Al referirse al aspecto comunitario expres\u00f3 que el capital humano de un pa\u00eds puede ayudar a garantizar la gobernabilidad y que para mejorar la seguridad en la Rep\u00fablica Dominicana es preciso trabajar con los l\u00edderes sociales y comunitarios.<\/p>\n<\/p>\n<p>\u00abComo Secretar\u00eda de Participaci\u00f3n Comunitaria trajimos esos l\u00edderes sociales y comunitarios para capacitarlos y para que tengan una mayor consciencia y comprendan su importancia en una gesti\u00f3n de la seguridad en la Rep\u00fablica Dominicana\u00bb, indic\u00f3 resaltando el conversatorio realizado el pasado domingo con los coordinadores de los frentes comunitarios<\/p>\n<\/p>\n<p>Apunt\u00f3 que la seguridad es una tarea de todos en la sociedad no solo de los gobiernos sino de los gobernados. \u00abCuando un l\u00edder de una junta de vecinos se integra con representantes de la Polic\u00eda Nacional y algunos funcionarios para tratar de devolverle la tranquilidad a la sociedad, le est\u00e1n haciendo un gran aporte al pa\u00eds y  nosotros queremos contribuir con eso\u00bb.<\/p>\n<\/p>\n<h6> 2018-04-10 13:39:57 <\/h6>\n<p><!--\n<link rel=\"stylesheet\" href=\"css\/bootstrap.min.css\">\n\n\n<ul class=\"pagination\">\n\t    \n\t\n\n<li >\n\t<a href='?page_no=6236'>Previous<\/a>\n\t<\/li>\n\n\n       \n    \n\n<li><a href='?page_no=1'>1<\/a><\/li>\n\n\n\n<li><a href='?page_no=2'>2<\/a><\/li>\n\n\n\n<li><a>...<\/a><\/li>\n\n\n\n<li><a href='?page_no=6235'>6235<\/a><\/li>\n\n\n\n<li><a href='?page_no=6236'>6236<\/a><\/li>\n\n\n\n<li class='active'><a>6237<\/a><\/li>\n\n\n\n<li><a href='?page_no=6238'>6238<\/a><\/li>\n\n\n\n<li><a href='?page_no=6239'>6239<\/a><\/li>\n\n\n\n<li><a>...<\/a><\/li>\n\n\n\n<li><a href='?page_no=36999'>36999<\/a><\/li>\n\n\n\n<li><a href='?page_no=37000'>37000<\/a><\/li>\n\n    \n\t\n\n<li >\n\t<a href='?page_no=6238'>Next<\/a>\n\t<\/li>\n\n\n    \n\n<li><a href='?page_no=37000'>Last &rsaquo;&rsaquo;<\/a><\/li>\n\n<\/ul>\n\n\n--><br \/>\n<\/body><\/p>\n","protected":false},"excerpt":{"rendered":"<p>El secretario de Participaci\u00f3n Comunitaria del Partido de la Liberaci\u00f3n Dominicana, Elpidio B\u00e1ez, es de opini\u00f3n que se debe apostar a la unidad de esa organizaci\u00f3n y no a la divisi\u00f3n porque un partido unido, este en el gobierno o en la oposici\u00f3n, ayuda a mejorar la democracia. Elpidio B\u00e1ez, tambi\u00e9n diputado por el PLD, [&hellip;]<\/p>\n","protected":false},"author":3,"featured_media":0,"comment_status":"open","ping_status":"open","sticky":false,"template":"","format":"standard","meta":{"footnotes":""},"categories":[22],"tags":[],"class_list":["post-170875","post","type-post","status-publish","format-standard","hentry","category-politica"],"_links":{"self":[{"href":"https:\/\/diariodominicano.com\/index.php?rest_route=\/wp\/v2\/posts\/170875","targetHints":{"allow":["GET"]}}],"collection":[{"href":"https:\/\/diariodominicano.com\/index.php?rest_route=\/wp\/v2\/posts"}],"about":[{"href":"https:\/\/diariodominicano.com\/index.php?rest_route=\/wp\/v2\/types\/post"}],"author":[{"embeddable":true,"href":"https:\/\/diariodominicano.com\/index.php?rest_route=\/wp\/v2\/users\/3"}],"replies":[{"embeddable":true,"href":"https:\/\/diariodominicano.com\/index.php?rest_route=%2Fwp%2Fv2%2Fcomments&post=170875"}],"version-history":[{"count":0,"href":"https:\/\/diariodominicano.com\/index.php?rest_route=\/wp\/v2\/posts\/170875\/revisions"}],"wp:attachment":[{"href":"https:\/\/diariodominicano.com\/index.php?rest_route=%2Fwp%2Fv2%2Fmedia&parent=170875"}],"wp:term":[{"taxonomy":"category","embeddable":true,"href":"https:\/\/diariodominicano.com\/index.php?rest_route=%2Fwp%2Fv2%2Fcategories&post=170875"},{"taxonomy":"post_tag","embeddable":true,"href":"https:\/\/diariodominicano.com\/index.php?rest_route=%2Fwp%2Fv2%2Ftags&post=170875"}],"curies":[{"name":"wp","href":"https:\/\/api.w.org\/{rel}","templated":true}]}}