{"id":170874,"date":"2018-04-10T13:53:54","date_gmt":"2018-04-10T13:53:54","guid":{"rendered":"http:\/\/diariodominicano.ddns.net\/?p=170874"},"modified":"2018-04-10T13:53:54","modified_gmt":"2018-04-10T13:53:54","slug":"antonio-vargas-danilo-medina-dirige-politicas-de-cooperacion-e-integracion-regional-de-rd-con-mirada-renovada-del-caribe","status":"publish","type":"post","link":"https:\/\/diariodominicano.com\/?p=170874","title":{"rendered":"Antonio Vargas: Danilo Medina dirige pol\u00edticas de cooperaci\u00f3n e integraci\u00f3n regional de RD con mirada renovada del Caribe&#13;&#13;"},"content":{"rendered":"<p><body><\/p>\n<p><img decoding=\"async\" src=\"img3\/ordn1.jpg\" \/>  <\/p>\n<p>Santo Domingo,- El presidente Danilo Medina, dirige las pol\u00edticas de integraci\u00f3n y cooperaci\u00f3n regional de la Rep\u00fablica Dominicana, con la mirada renovada y fresca que tiene del caribe, afirm\u00f3 el embajador Antonio Vargas Hern\u00e1ndez, director general de Cooperaci\u00f3n Multilateral (DIGECOOM), del Ministerio de Econom\u00eda, Planificaci\u00f3n y Desarrollo (MEPyD).<\/p>\n<\/p>\n<p>Asimismo, destac\u00f3 que en ese contexto, el mandatario impulsa e implementa dichas pol\u00edticas en todos los bloques regionales de los que formamos parte, con el concepto de \u00abMarca Pa\u00eds\u00bb, promoviendo y fortaleciendo cada vez m\u00e1s las potencialidades en sus m\u00faltiples \u00e1mbitos, de la Rep\u00fablica Dominicana.<\/p>\n<\/p>\n<p>Record\u00f3 que en cumbres regionales, el jefe del Estado ha reafirmado el compromiso del pa\u00eds, con la cooperaci\u00f3n, la integraci\u00f3n regional, la paz, la solidaridad, la creaci\u00f3n de oportunidades de empleos y el desarrollo sustentable, en beneficio de los ciudadanos de cada naci\u00f3n caribe\u00f1a.<\/p>\n<\/p>\n<p>El tambi\u00e9n Ordenador Nacional de los Fondos Europeos para el Desarrollo, hizo la afirmaci\u00f3n, al dar la bienvenida a las delegaciones de diferentes pa\u00edses que conforman el Foro del Caribe (Cariforum), y a los representantes de las diferentes instituciones nacionales, en la primera reuni\u00f3n t\u00e9cnica presencial de ese espacio integracionista, para abordar sobre el Proyecto de Apoyo a la Reducci\u00f3n de la Demanda de Drogas, financiado por la Uni\u00f3n Europea.<\/p>\n<\/p>\n<p>El referido Programa, es financiado bajo el 10mo Fondo Europeo de Desarrollo (FED), y es parte del Programa de Cooperaci\u00f3n de Crimen y Seguridad, en el marco del Criforum.<\/p>\n<h6> 2018-04-10 13:53:54 <\/h6>\n<p><!--\n<link rel=\"stylesheet\" href=\"css\/bootstrap.min.css\">\n\n\n<ul class=\"pagination\">\n\t    \n\t\n\n<li >\n\t<a href='?page_no=6235'>Previous<\/a>\n\t<\/li>\n\n\n       \n    \n\n<li><a href='?page_no=1'>1<\/a><\/li>\n\n\n\n<li><a href='?page_no=2'>2<\/a><\/li>\n\n\n\n<li><a>...<\/a><\/li>\n\n\n\n<li><a href='?page_no=6234'>6234<\/a><\/li>\n\n\n\n<li><a href='?page_no=6235'>6235<\/a><\/li>\n\n\n\n<li class='active'><a>6236<\/a><\/li>\n\n\n\n<li><a href='?page_no=6237'>6237<\/a><\/li>\n\n\n\n<li><a href='?page_no=6238'>6238<\/a><\/li>\n\n\n\n<li><a>...<\/a><\/li>\n\n\n\n<li><a href='?page_no=36999'>36999<\/a><\/li>\n\n\n\n<li><a href='?page_no=37000'>37000<\/a><\/li>\n\n    \n\t\n\n<li >\n\t<a href='?page_no=6237'>Next<\/a>\n\t<\/li>\n\n\n    \n\n<li><a href='?page_no=37000'>Last &rsaquo;&rsaquo;<\/a><\/li>\n\n<\/ul>\n\n\n--><br \/>\n<\/body><\/p>\n","protected":false},"excerpt":{"rendered":"<p>Santo Domingo,- El presidente Danilo Medina, dirige las pol\u00edticas de integraci\u00f3n y cooperaci\u00f3n regional de la Rep\u00fablica Dominicana, con la mirada renovada y fresca que tiene del caribe, afirm\u00f3 el embajador Antonio Vargas Hern\u00e1ndez, director general de Cooperaci\u00f3n Multilateral (DIGECOOM), del Ministerio de Econom\u00eda, Planificaci\u00f3n y Desarrollo (MEPyD). Asimismo, destac\u00f3 que en ese contexto, el [&hellip;]<\/p>\n","protected":false},"author":3,"featured_media":0,"comment_status":"open","ping_status":"open","sticky":false,"template":"","format":"standard","meta":{"footnotes":""},"categories":[22],"tags":[],"class_list":["post-170874","post","type-post","status-publish","format-standard","hentry","category-politica"],"_links":{"self":[{"href":"https:\/\/diariodominicano.com\/index.php?rest_route=\/wp\/v2\/posts\/170874","targetHints":{"allow":["GET"]}}],"collection":[{"href":"https:\/\/diariodominicano.com\/index.php?rest_route=\/wp\/v2\/posts"}],"about":[{"href":"https:\/\/diariodominicano.com\/index.php?rest_route=\/wp\/v2\/types\/post"}],"author":[{"embeddable":true,"href":"https:\/\/diariodominicano.com\/index.php?rest_route=\/wp\/v2\/users\/3"}],"replies":[{"embeddable":true,"href":"https:\/\/diariodominicano.com\/index.php?rest_route=%2Fwp%2Fv2%2Fcomments&post=170874"}],"version-history":[{"count":0,"href":"https:\/\/diariodominicano.com\/index.php?rest_route=\/wp\/v2\/posts\/170874\/revisions"}],"wp:attachment":[{"href":"https:\/\/diariodominicano.com\/index.php?rest_route=%2Fwp%2Fv2%2Fmedia&parent=170874"}],"wp:term":[{"taxonomy":"category","embeddable":true,"href":"https:\/\/diariodominicano.com\/index.php?rest_route=%2Fwp%2Fv2%2Fcategories&post=170874"},{"taxonomy":"post_tag","embeddable":true,"href":"https:\/\/diariodominicano.com\/index.php?rest_route=%2Fwp%2Fv2%2Ftags&post=170874"}],"curies":[{"name":"wp","href":"https:\/\/api.w.org\/{rel}","templated":true}]}}