{"id":170873,"date":"2018-04-10T15:36:35","date_gmt":"2018-04-10T15:36:35","guid":{"rendered":"http:\/\/diariodominicano.ddns.net\/?p=170873"},"modified":"2018-04-10T15:36:35","modified_gmt":"2018-04-10T15:36:35","slug":"bloque-de-senadores-del-pld-anuncia-recomendara-para-la-ley-de-partidos-primarias-simultaneas-con-el-padron-jce","status":"publish","type":"post","link":"https:\/\/diariodominicano.com\/?p=170873","title":{"rendered":"&#13;&#13;&#13;&#13;Bloque de senadores del PLD anuncia recomendar\u00e1 para la Ley de Partidos  primarias  simultaneas con el  padr\u00f3n JCE"},"content":{"rendered":"<p><body><\/p>\n<p><img decoding=\"async\" src=\"img3\/bloquepld (3).jpg\" \/><br \/><img decoding=\"async\" src=\"img3\/bloquepld2.jpg\" \/>  <\/p>\n<p><strong><span class=\"text1noticias\">SANTO DOMINGO, RD, 10 de abril de 2018.-<\/span><\/strong><span class=\"text1noticias\"> El Bloque de Senadores del oficialista  Partido de la Liberaci\u00f3n Dominicana (PLD)   decidi\u00f3 en la reuni\u00f3n realizada este martes brindar su respaldo a la realizaci\u00f3n de primarias simultaneas de los partidos pol\u00edticos usando el padr\u00f3n general de la Junta Central Electoral,  inform\u00f3 el vocero del bloque senatorial pelede\u00edsta, Rub\u00e9n Dar\u00edo Cruz al finalizar la reuni\u00f3n del bloque pelede\u00edsta a la cual asisti\u00f3 el Presidente del Senado, Reinaldo Pared P\u00e9rez, quien es el Secretario General del PLD.<\/span><\/p>\n<\/p>\n<p><span class=\"text1noticias\">Rub\u00e9n Cruz precis\u00f3  que en horas de la tarde informar\u00e1n oficialmente a la  Comisi\u00f3n Especial que analiza el anteproyecto de Ley de Partidos y Agrupaciones Pol\u00edticas, de la decisi\u00f3n adoptada por la mayor\u00eda de los integrantes de ese bloque de congresistas en la c\u00e1mara alta.<\/span><\/p>\n<\/p>\n<p><span class=\"text1noticias\">\u00abExistiendo un qu\u00f3rum valido, hemos tomado la decisi\u00f3n de llevar ante la Comisi\u00f3n Especial, que est\u00e1 convocada para esta tarde a las tres, la decisi\u00f3n de respaldar la realizaci\u00f3n de primarias  simultaneas y abiertas   para la elecci\u00f3n de los candidatos a cargos electivos\u00bb explic\u00f3 el vocero de la bancada del PLD en el Senado de la Rep\u00fablica.<\/span><\/p>\n<\/p>\n<p><span class=\"text1noticias\">Al pregunt\u00e1rsele sobre la ausencia de algunos congresistas inform\u00f3 de las excusas tramitadas a la reuni\u00f3n de los Senadores Jos\u00e9 Rafael Vargas, Charlie Mariotti, Juan Orlando Mercedes y Cristina Lizardo, haciendo notar que la presencia de Reinaldo Pared P\u00e9rez le da el aval a una reuni\u00f3n del Partido.<\/span><\/p>\n<\/p>\n<p><span class=\"text1noticias\">Rub\u00e9n Dar\u00edo Cruz explic\u00f3 que como bloque parlamentario adoptaron una decisi\u00f3n amparados en el Reglamento Interno del Senado y la autorizaci\u00f3n recibidas del Comit\u00e9 Pol\u00edtico del PLD, de dejar en libertad a sus congresistas de tomar una decisi\u00f3n al respecto.<\/span><\/p>\n<\/p>\n<p><span class=\"text1noticias\">El informe final  de la comisi\u00f3n  especial que estudia el proyecto,  ser\u00e1 revisado y concluido hoy para presentarlo al pleno del Senado en la sesi\u00f3n de este mi\u00e9rcoles.<\/span><\/p>\n<\/p>\n<\/p>\n<\/p>\n<h6> 2018-04-10 15:36:35 <\/h6>\n<p><!--\n<link rel=\"stylesheet\" href=\"css\/bootstrap.min.css\">\n\n\n<ul class=\"pagination\">\n\t    \n\t\n\n<li >\n\t<a href='?page_no=6234'>Previous<\/a>\n\t<\/li>\n\n\n       \n    \n\n<li><a href='?page_no=1'>1<\/a><\/li>\n\n\n\n<li><a href='?page_no=2'>2<\/a><\/li>\n\n\n\n<li><a>...<\/a><\/li>\n\n\n\n<li><a href='?page_no=6233'>6233<\/a><\/li>\n\n\n\n<li><a href='?page_no=6234'>6234<\/a><\/li>\n\n\n\n<li class='active'><a>6235<\/a><\/li>\n\n\n\n<li><a href='?page_no=6236'>6236<\/a><\/li>\n\n\n\n<li><a href='?page_no=6237'>6237<\/a><\/li>\n\n\n\n<li><a>...<\/a><\/li>\n\n\n\n<li><a href='?page_no=36999'>36999<\/a><\/li>\n\n\n\n<li><a href='?page_no=37000'>37000<\/a><\/li>\n\n    \n\t\n\n<li >\n\t<a href='?page_no=6236'>Next<\/a>\n\t<\/li>\n\n\n    \n\n<li><a href='?page_no=37000'>Last &rsaquo;&rsaquo;<\/a><\/li>\n\n<\/ul>\n\n\n--><br \/>\n<\/body><\/p>\n","protected":false},"excerpt":{"rendered":"<p>SANTO DOMINGO, RD, 10 de abril de 2018.- El Bloque de Senadores del oficialista Partido de la Liberaci\u00f3n Dominicana (PLD) decidi\u00f3 en la reuni\u00f3n realizada este martes brindar su respaldo a la realizaci\u00f3n de primarias simultaneas de los partidos pol\u00edticos usando el padr\u00f3n general de la Junta Central Electoral, inform\u00f3 el vocero del bloque senatorial [&hellip;]<\/p>\n","protected":false},"author":3,"featured_media":0,"comment_status":"open","ping_status":"open","sticky":false,"template":"","format":"standard","meta":{"footnotes":""},"categories":[22],"tags":[],"class_list":["post-170873","post","type-post","status-publish","format-standard","hentry","category-politica"],"_links":{"self":[{"href":"https:\/\/diariodominicano.com\/index.php?rest_route=\/wp\/v2\/posts\/170873","targetHints":{"allow":["GET"]}}],"collection":[{"href":"https:\/\/diariodominicano.com\/index.php?rest_route=\/wp\/v2\/posts"}],"about":[{"href":"https:\/\/diariodominicano.com\/index.php?rest_route=\/wp\/v2\/types\/post"}],"author":[{"embeddable":true,"href":"https:\/\/diariodominicano.com\/index.php?rest_route=\/wp\/v2\/users\/3"}],"replies":[{"embeddable":true,"href":"https:\/\/diariodominicano.com\/index.php?rest_route=%2Fwp%2Fv2%2Fcomments&post=170873"}],"version-history":[{"count":0,"href":"https:\/\/diariodominicano.com\/index.php?rest_route=\/wp\/v2\/posts\/170873\/revisions"}],"wp:attachment":[{"href":"https:\/\/diariodominicano.com\/index.php?rest_route=%2Fwp%2Fv2%2Fmedia&parent=170873"}],"wp:term":[{"taxonomy":"category","embeddable":true,"href":"https:\/\/diariodominicano.com\/index.php?rest_route=%2Fwp%2Fv2%2Fcategories&post=170873"},{"taxonomy":"post_tag","embeddable":true,"href":"https:\/\/diariodominicano.com\/index.php?rest_route=%2Fwp%2Fv2%2Ftags&post=170873"}],"curies":[{"name":"wp","href":"https:\/\/api.w.org\/{rel}","templated":true}]}}