{"id":170872,"date":"2018-04-10T15:52:46","date_gmt":"2018-04-10T15:52:46","guid":{"rendered":"http:\/\/diariodominicano.ddns.net\/?p=170872"},"modified":"2018-04-10T15:52:46","modified_gmt":"2018-04-10T15:52:46","slug":"juez-sergio-moro-impide-que-10-gobernadores-visiten-a-lula","status":"publish","type":"post","link":"https:\/\/diariodominicano.com\/?p=170872","title":{"rendered":"Juez Sergio Moro impide que 10 gobernadores visiten a Lula"},"content":{"rendered":"<p><body><\/p>\n<p><img decoding=\"async\" src=\"img3\/bra-juez-sergio-Moro2.jpg\" \/>  <\/p>\n<p><strong> Brasilia, 10 abr (PL<\/strong>) El juez federal Sergio Moro neg\u00f3 la autorizaci\u00f3n para que 10 gobernadores que se encuentran en la ciudad de Curitiba puedan visitar hoy al ex presidente de Brasil Luiz In\u00e1cio Lula da Silva.<\/p>\n<\/p>\n<p>En un despacho, Moro indic\u00f3 que el ex dignatario podr\u00e1 recibir visitas solo los mi\u00e9rcoles &#8216;a fin de no inviabilizar el adecuado funcionamiento&#8217; de la Superintendencia de la Polic\u00eda Federal, donde desde el pasado s\u00e1bado \u00e9ste comenz\u00f3 a cumplir una condena de 12 a\u00f1os y un mes de prisi\u00f3n.<\/p>\n<\/p>\n<p>Ning\u00fan otro privilegio fue concedido, sostuvo Moro, quien al librar sorpresivamente la orden de prisi\u00f3n el jueves \u00faltimo dijo que Lula permanecer\u00eda recluido en una sala especial de la Superintendencia &#8216;en raz\u00f3n de la dignidad del cargo ocupado&#8217;, y separado de los dem\u00e1s presos, sin riesgo para su integridad moral o f\u00edsica.<\/p>\n<\/p>\n<p>Sin embargo, el Diario del Centro del Mundo (DCM) denunci\u00f3 poco antes de que el fundador del Partido de los Trabajadores (PT) se pusiera a disposici\u00f3n de la justicia que uno de sus periodistas tuvo acceso a detalles del lugar vendido por Moro &#8216;como algo que no es&#8217;, el cual &#8211; en realidad &#8211; resulta casi una de las celdas llamada &#8216;solitaria&#8217;.<\/p>\n<\/p>\n<p>Est\u00e1 hecha para maltratar a las personas, dijo una fuente de la polic\u00eda a DCM y detall\u00f3 que todo all\u00ed es precario, est\u00e1 aislada del resto del edificio y ubicada en el cuarto piso, cuando los elevadores llegan solo hasta el tercer nivel.<\/p>\n<\/p>\n<p>La informaci\u00f3n fue corroborada por el columnista del diario digital Brasil 247 Paulo Moreira Leite, quien remarc\u00f3 que desde su llegada a Curitiba &#8216;Lula fue privado del indispensable convivio con otros prisioneros, posiblemente el elemento m\u00e1s importante para asegurar alguna estabilidad intelectual y emocional a toda persona encarcelada&#8217;.<\/p>\n<\/p>\n<p>Se\u00f1al\u00f3 adem\u00e1s que las &#8216;solitarias&#8217; son utilizadas como norma para castigar delitos cometidos en el interior del sistema carcelario, y quienes son confinados all\u00ed permanecen entre 10 y 30 d\u00edas, conforme a la gravedad de la falta.<\/p>\n<\/p>\n<p>&#8216;El problema es que eso no tiene sentido en el caso de Lula, para quien la celda solitaria ya estaba reservada antes de su llegada a Curitiba&#8217;, remarc\u00f3 Moreira Leite.<\/p>\n<\/p>\n<p>Seg\u00fan el bolet\u00edn n\u00famero 10 del Comit\u00e9 Popular en Defensa de Lula y de la Democracia los gobernadores que se encuentran en la capital paranaense para intentar visitar al ex dignatario son Tiao Viana (Acre), Rui Costa (Bah\u00eda), Camilo Santana (Cear\u00e1), Fernando Pimentel (Minas Gerais) y Wellington Dias (Piau\u00ed).<\/p>\n<\/p>\n<p>Adem\u00e1s, Fl\u00e1vio Dino (Maranhao), Renan Filho (Alagoas), Jackson Barreto (Sergipe) y Paulo C\u00e1mara (Pernambuco).<\/p>\n<\/p>\n<p>El propio bolet\u00edn anunci\u00f3 que ma\u00f1ana la Central \u00danica de Trabajadores (CUT) encabezar\u00e1 el D\u00eda Nacional de Movilizaci\u00f3n en Defensa de Lula Libre y que en varios pa\u00edses de Am\u00e9rica Latina se desarrollar\u00e1 una Jornada Continental por la Libertad de Lula.<\/p>\n<\/p>\n<p>pgh\/mpm<\/p>\n<h6> 2018-04-10 15:52:46 <\/h6>\n<p><!--\n<link rel=\"stylesheet\" href=\"css\/bootstrap.min.css\">\n\n\n<ul class=\"pagination\">\n\t    \n\t\n\n<li >\n\t<a href='?page_no=6233'>Previous<\/a>\n\t<\/li>\n\n\n       \n    \n\n<li><a href='?page_no=1'>1<\/a><\/li>\n\n\n\n<li><a href='?page_no=2'>2<\/a><\/li>\n\n\n\n<li><a>...<\/a><\/li>\n\n\n\n<li><a href='?page_no=6232'>6232<\/a><\/li>\n\n\n\n<li><a href='?page_no=6233'>6233<\/a><\/li>\n\n\n\n<li class='active'><a>6234<\/a><\/li>\n\n\n\n<li><a href='?page_no=6235'>6235<\/a><\/li>\n\n\n\n<li><a href='?page_no=6236'>6236<\/a><\/li>\n\n\n\n<li><a>...<\/a><\/li>\n\n\n\n<li><a href='?page_no=36999'>36999<\/a><\/li>\n\n\n\n<li><a href='?page_no=37000'>37000<\/a><\/li>\n\n    \n\t\n\n<li >\n\t<a href='?page_no=6235'>Next<\/a>\n\t<\/li>\n\n\n    \n\n<li><a href='?page_no=37000'>Last &rsaquo;&rsaquo;<\/a><\/li>\n\n<\/ul>\n\n\n--><br \/>\n<\/body><\/p>\n","protected":false},"excerpt":{"rendered":"<p>Brasilia, 10 abr (PL) El juez federal Sergio Moro neg\u00f3 la autorizaci\u00f3n para que 10 gobernadores que se encuentran en la ciudad de Curitiba puedan visitar hoy al ex presidente de Brasil Luiz In\u00e1cio Lula da Silva. En un despacho, Moro indic\u00f3 que el ex dignatario podr\u00e1 recibir visitas solo los mi\u00e9rcoles &#8216;a fin de [&hellip;]<\/p>\n","protected":false},"author":3,"featured_media":0,"comment_status":"open","ping_status":"open","sticky":false,"template":"","format":"standard","meta":{"footnotes":""},"categories":[22],"tags":[],"class_list":["post-170872","post","type-post","status-publish","format-standard","hentry","category-politica"],"_links":{"self":[{"href":"https:\/\/diariodominicano.com\/index.php?rest_route=\/wp\/v2\/posts\/170872","targetHints":{"allow":["GET"]}}],"collection":[{"href":"https:\/\/diariodominicano.com\/index.php?rest_route=\/wp\/v2\/posts"}],"about":[{"href":"https:\/\/diariodominicano.com\/index.php?rest_route=\/wp\/v2\/types\/post"}],"author":[{"embeddable":true,"href":"https:\/\/diariodominicano.com\/index.php?rest_route=\/wp\/v2\/users\/3"}],"replies":[{"embeddable":true,"href":"https:\/\/diariodominicano.com\/index.php?rest_route=%2Fwp%2Fv2%2Fcomments&post=170872"}],"version-history":[{"count":0,"href":"https:\/\/diariodominicano.com\/index.php?rest_route=\/wp\/v2\/posts\/170872\/revisions"}],"wp:attachment":[{"href":"https:\/\/diariodominicano.com\/index.php?rest_route=%2Fwp%2Fv2%2Fmedia&parent=170872"}],"wp:term":[{"taxonomy":"category","embeddable":true,"href":"https:\/\/diariodominicano.com\/index.php?rest_route=%2Fwp%2Fv2%2Fcategories&post=170872"},{"taxonomy":"post_tag","embeddable":true,"href":"https:\/\/diariodominicano.com\/index.php?rest_route=%2Fwp%2Fv2%2Ftags&post=170872"}],"curies":[{"name":"wp","href":"https:\/\/api.w.org\/{rel}","templated":true}]}}