{"id":170871,"date":"2018-04-10T16:09:45","date_gmt":"2018-04-10T16:09:45","guid":{"rendered":"http:\/\/diariodominicano.ddns.net\/?p=170871"},"modified":"2018-04-10T16:09:45","modified_gmt":"2018-04-10T16:09:45","slug":"diez-condenados-en-espana-por-planear-atentados-en-barcelona","status":"publish","type":"post","link":"https:\/\/diariodominicano.com\/?p=170871","title":{"rendered":"Diez condenados en Espa\u00f1a por planear atentados en Barcelona"},"content":{"rendered":"<p><body><\/p>\n<p><img decoding=\"async\" src=\"img3\/9113284e8e34e2f7cd121d5664c2b4ad2b3c8390.jpg\" \/>  <\/p>\n<p>AFP\/Archivos \/ Pau Barrena<\/p>\n<p>La polic\u00eda acordona una zona cercana a la bas\u00edlica de la Sagrada Familia de Barcelona el 12 de septiembre de 2017, tras una falsa alerta de bomba<\/p>\n<p>Diez miembros de una c\u00e9lula afiliada a la organizaci\u00f3n yihadista Estado Isl\u00e1mico (EI), que planearon cometer atentados en Barcelona y filmar una \u00abejecuci\u00f3n\u00bb, fueron condenados a penas de entre ocho y doce a\u00f1os de prisi\u00f3n, anunci\u00f3 el martes un alto tribunal espa\u00f1ol.<\/p>\n<\/p>\n<p>Los condenados, cinco marroqu\u00edes, cuatro espa\u00f1oles y un brasile\u00f1o, estaban \u00abatentos para llevar a cabo, en cualquier momento un ataque contra instituciones como la polic\u00eda, entidades bancarias o intereses jud\u00edos asentados en Espa\u00f1a o integrarse en las filas del Da\u00e9sh (acr\u00f3nimo \u00e1rabe del EI)\u00bb, seg\u00fan la sentencia de la Audiencia Nacional, jurisdicci\u00f3n especializada en terrorismo.<\/p>\n<\/p>\n<p>Miembros de una c\u00e9lula de Terrassa, cerca de Barcelona, llamada \u00abFraternidad Isl\u00e1mica, Grupo para la Predicaci\u00f3n de la Yihad\u00bb, fueron condenados por el delito de \u00abintegraci\u00f3n en organizaci\u00f3n terrorista\u00bb.<\/p>\n<\/p>\n<p>Los tres dirigentes del grupo fueron condenados a doce a\u00f1os de prisi\u00f3n, mientras que los restantes siete miembros, a ocho a\u00f1os.<\/p>\n<\/p>\n<p>En marzo de 2015, el principal dirigente de la c\u00e9lula, un espa\u00f1ol convertido al islam, propuso secuestrar y decapitar a un \u00abinfiel\u00bb, grabar la escena, difundirla por YouTube y luego huir a Siria.<\/p>\n<\/p>\n<p>Antes, plante\u00f3 al grupo \u00abla idea de llevar a cabo un atentado contra el Parlament y justific\u00f3 las decapitaciones, al tiempo que hablaba de hacer explosivos caseros para cometer atentados\u00bb, indic\u00f3 la nota de prensa de la Audiencia Nacional.<\/p>\n<\/p>\n<p>La polic\u00eda encontr\u00f3 en su casa escritos que predicaban la yihad y libros sobre organizaciones europeas que cometieron atentados, como ETA en el Pa\u00eds Vasco o los alemanes de la Fracci\u00f3n del Ej\u00e9rcito Rojo.<\/p>\n<\/p>\n<p>Miembros de la c\u00e9lula pasearon por Barcelona para hacer fotos de sitios emblem\u00e1ticos, como la estaci\u00f3n, un renombrado hotel o la plaza de Espa\u00f1a, donde se encuentran un hotel, un centro comercial y una comisar\u00eda de polic\u00eda.<\/p>\n<\/p>\n<p>Un integrante del grupo se fue a Siria en abril de 2014 y muri\u00f3 en Faluya (Irak) en mayo de 2015. Otros tres quisieron imitarlo a fines de 2015, pero fueron detenidos en la frontera entre Bulgaria y Turqu\u00eda.<\/p>\n<\/p>\n<p>Catalu\u00f1a, en el noreste de Espa\u00f1a, fue golpeada en agosto de 2017 por un doble atentado reivindicado por el EI, en Barcelona y Cambrils, que dej\u00f3 16 muertos.<\/p>\n<\/p>\n<p>La regi\u00f3n concentr\u00f3 en 2017 cerca de un tercio de las detenciones por \u00abterrorismo yihadista\u00bb, seg\u00fan el ministerio del Interior espa\u00f1ol.<\/p>\n<h6> 2018-04-10 16:09:45 <\/h6>\n<p><!--\n<link rel=\"stylesheet\" href=\"css\/bootstrap.min.css\">\n\n\n<ul class=\"pagination\">\n\t    \n\t\n\n<li >\n\t<a href='?page_no=6232'>Previous<\/a>\n\t<\/li>\n\n\n       \n    \n\n<li><a href='?page_no=1'>1<\/a><\/li>\n\n\n\n<li><a href='?page_no=2'>2<\/a><\/li>\n\n\n\n<li><a>...<\/a><\/li>\n\n\n\n<li><a href='?page_no=6231'>6231<\/a><\/li>\n\n\n\n<li><a href='?page_no=6232'>6232<\/a><\/li>\n\n\n\n<li class='active'><a>6233<\/a><\/li>\n\n\n\n<li><a href='?page_no=6234'>6234<\/a><\/li>\n\n\n\n<li><a href='?page_no=6235'>6235<\/a><\/li>\n\n\n\n<li><a>...<\/a><\/li>\n\n\n\n<li><a href='?page_no=36999'>36999<\/a><\/li>\n\n\n\n<li><a href='?page_no=37000'>37000<\/a><\/li>\n\n    \n\t\n\n<li >\n\t<a href='?page_no=6234'>Next<\/a>\n\t<\/li>\n\n\n    \n\n<li><a href='?page_no=37000'>Last &rsaquo;&rsaquo;<\/a><\/li>\n\n<\/ul>\n\n\n--><br \/>\n<\/body><\/p>\n","protected":false},"excerpt":{"rendered":"<p>AFP\/Archivos \/ Pau Barrena La polic\u00eda acordona una zona cercana a la bas\u00edlica de la Sagrada Familia de Barcelona el 12 de septiembre de 2017, tras una falsa alerta de bomba Diez miembros de una c\u00e9lula afiliada a la organizaci\u00f3n yihadista Estado Isl\u00e1mico (EI), que planearon cometer atentados en Barcelona y filmar una \u00abejecuci\u00f3n\u00bb, fueron [&hellip;]<\/p>\n","protected":false},"author":3,"featured_media":0,"comment_status":"open","ping_status":"open","sticky":false,"template":"","format":"standard","meta":{"footnotes":""},"categories":[22],"tags":[],"class_list":["post-170871","post","type-post","status-publish","format-standard","hentry","category-politica"],"_links":{"self":[{"href":"https:\/\/diariodominicano.com\/index.php?rest_route=\/wp\/v2\/posts\/170871","targetHints":{"allow":["GET"]}}],"collection":[{"href":"https:\/\/diariodominicano.com\/index.php?rest_route=\/wp\/v2\/posts"}],"about":[{"href":"https:\/\/diariodominicano.com\/index.php?rest_route=\/wp\/v2\/types\/post"}],"author":[{"embeddable":true,"href":"https:\/\/diariodominicano.com\/index.php?rest_route=\/wp\/v2\/users\/3"}],"replies":[{"embeddable":true,"href":"https:\/\/diariodominicano.com\/index.php?rest_route=%2Fwp%2Fv2%2Fcomments&post=170871"}],"version-history":[{"count":0,"href":"https:\/\/diariodominicano.com\/index.php?rest_route=\/wp\/v2\/posts\/170871\/revisions"}],"wp:attachment":[{"href":"https:\/\/diariodominicano.com\/index.php?rest_route=%2Fwp%2Fv2%2Fmedia&parent=170871"}],"wp:term":[{"taxonomy":"category","embeddable":true,"href":"https:\/\/diariodominicano.com\/index.php?rest_route=%2Fwp%2Fv2%2Fcategories&post=170871"},{"taxonomy":"post_tag","embeddable":true,"href":"https:\/\/diariodominicano.com\/index.php?rest_route=%2Fwp%2Fv2%2Ftags&post=170871"}],"curies":[{"name":"wp","href":"https:\/\/api.w.org\/{rel}","templated":true}]}}