{"id":170870,"date":"2018-04-10T16:18:44","date_gmt":"2018-04-10T16:18:44","guid":{"rendered":"http:\/\/diariodominicano.ddns.net\/?p=170870"},"modified":"2018-04-10T16:18:44","modified_gmt":"2018-04-10T16:18:44","slug":"exdirector-de-migracion-es-grave-que-la-cidh-exija-a-la-rd-modificar-la-constitucion-y-la-ley-de-migracion","status":"publish","type":"post","link":"https:\/\/diariodominicano.com\/?p=170870","title":{"rendered":"Exdirector de Migraci\u00f3n: \u00abEs grave que la CIDH exija a la RD modificar la Constituci\u00f3n y la Ley de Migraci\u00f3n\u00bb&#13;"},"content":{"rendered":"<p><body><\/p>\n<p><img decoding=\"async\" src=\"img3\/ricardo T000.jpg\" \/>  <\/p>\n<\/p>\n<p><strong>Considera es una verg\u00fcenza permitir a ese organismo abrir una mesa de di\u00e1logo en el pa\u00eds.<\/strong><\/p>\n<\/p>\n<p><strong>SANTO DOMINGO, RD, 10 de abril de 2018.- El <\/strong>Exdirector de Migraci\u00f3n y miembro de la Fuerza Nacional Progresista, Jos\u00e9 Ricardo Taveras, afirm\u00f3 que es una afrenta que la Comisi\u00f3n Interamericana de los Derechos Humanos (CIDH) nos haya entrado y sacado de su lista negra a la Rep\u00fablica Dominicana, y m\u00e1s por tratarse de un asunto de migraci\u00f3n y de nacionalidad.<\/p>\n<\/p>\n<p>Dijo que seg\u00fan el art\u00edculo 30 del Convenio de Viena, es un asunto reservado de cada Estado decidir soberanamente todas las pol\u00edticas que tienen que ver con el tema de la soberan\u00eda y de la nacionalidad.<\/p>\n<\/p>\n<p>\u00abSacarnos de la lista negra es irrespetuoso por la forma en que se hizo, adem\u00e1s, porque la Comisi\u00f3n Interamericana de Derechos Humanos ha expresado que nos saca porque el Gobierno ha propuesto una mesa de trabajo, a la que yo llamo mesa de genuflexi\u00f3n, en la cual le oferta a la Comisi\u00f3n sentarse a establecer los avances en el desmonte de la Sentencia 168-13, y obviamente eso es una afrenta a la soberan\u00eda nacional, es un delito\u00bb, expres\u00f3.<\/p>\n<\/p>\n<p>Entrevistado en el programa Toque Final con Julio Mart\u00ednez Pozo por Antena 7, Taveras dijo que la CIDH no reconoce la soberan\u00eda del pa\u00eds, y eso a su entender es lo vergonzoso. Destac\u00f3 que la lista negra es m\u00e1s digna porque significar\u00eda que el gobierno est\u00e1 haciendo lo correcto, pero sacar al pa\u00eds de esa lista lo que implica es que el Gobierno continua en su pol\u00edtica de desmonte de la Sentencia 168 y de la Constituci\u00f3n en lo que concierne en el estatuto de la nacionalidad y de la soberan\u00eda en las pol\u00edticas migratorias.<\/p>\n<\/p>\n<p>Al preguntarle \u00bfQu\u00e9 piensa de la mesa de di\u00e1logo que se le permitir\u00e1 abrir en el pa\u00eds a la CIDH?<\/p>\n<\/p>\n<p>Calific\u00f3 la decisi\u00f3n como una verg\u00fcenza, tras indicar que es el gobierno el que propone y as\u00ed consta en el informe de la CIDH, que le propone hacer una mesa de di\u00e1logo para que, en base a una agenda tem\u00e1tica en la que tambi\u00e9n propone el gobierno dominicano, se pase revista a los temas de nacionalidad.<\/p>\n<\/p>\n<p>El exdirector de Migraci\u00f3n dijo que se est\u00e1 haciendo una especie de rendici\u00f3n de cuentas para ir viendo en qu\u00e9 medida el gobierno dominicano ha podido ir cumpliendo con las objeciones que ha hecho la CIDH, y se pregunt\u00f3: \u00bfCu\u00e1les son esas objeciones?, n\u00famero uno que se elimine cualquier impedimento de naturaleza Constitucional que impida que las personas nacidas en el pa\u00eds, as\u00ed sean hijos de extranjeros irregularmente establecidos, puedan adquirir la nacionalidad.<\/p>\n<\/p>\n<p>Precis\u00f3 que lo peor es que ellos han ordenado, porque es una orden, que se desmonte cualquier decisi\u00f3n o interpretaci\u00f3n que tienda a dejar sin nacionalidad a todos los ciudadanos extranjeros hijos de extranjeros irregulares, que se deje sin efecto, o sea, que se desmonte la sentencia 168, que es del Tribunal Constitucional y que establece la propia Constituci\u00f3n que es una decisi\u00f3n que resulta oponible a los tres poderes del Estado, que est\u00e1n en la obligaci\u00f3n de acatar.<\/p>\n<\/p>\n<p>Enfatiz\u00f3 que lo que se est\u00e1 sentando en esa mesa es auditar todo lo que el Gobierno ha hecho para desmantelar la Sentencia 168-13.<\/p>\n<\/p>\n<p>Consider\u00f3, adem\u00e1s, que es grave que en su informe anual 2017 la CIDH exija a la Rep\u00fablica Dominicana modificar la Constituci\u00f3n y la Ley de Migraci\u00f3n, as\u00ed como anular los efectos de la Sentencia 168-13, y que la CIDH ha sido cuestionada por la mayor parte de los estados latinoamericanos.<\/p>\n<\/p>\n<p>\u00abBrasil en alg\u00fan momento puso en situaci\u00f3n financiera compleja a la Organizaci\u00f3n de Estados Americanos por los desvar\u00edos de la CIDH, esa situaci\u00f3n ha sido contestada fuertemente por Nicaragua, Colombia, Venezuela y otros pa\u00edses de Am\u00e9rica Latina, y lo penoso no es lo que la Comisi\u00f3n est\u00e9 haciendo, lo penoso es el nivel de subordinaci\u00f3n y de temor con que el gobierno dominicano asume esas demandas que vienen haciendo desde el a\u00f1o 2015 y las han reiterado\u00bb.<\/p>\n<\/p>\n<p>Sostuvo que el pa\u00eds fue sacado de la Comisi\u00f3n porque est\u00e1n estimulando al Gobierno a que contin\u00fae en su pol\u00edtica de desmonte de la Sentencia 168, pero precis\u00f3, que la verg\u00fcenza no es por la CIDH, porque la CDIH es un grupo de tecn\u00f3cratas financieramente sostenidos a hacer ese tipo de cosas, y un \u00f3rgano que va a terminar implosionando el sistema Interamericano. \u00abPero en el caso de nosotros el problema no es la CIDH, el problema es el gobierno que debi\u00f3 mandar la CIDH a fre\u00edr tusas hace tiempo&#8230; desgraciadamente el gobierno dominicano a elegido el camino penosamente que nos va a llevar a una confrontaci\u00f3n social\u00bb.<\/p>\n<\/p>\n<p>Si el gobierno no tiene la capacidad de entender las repercusiones que puede tener permitir que se siga larvando en la sociedad dominicana un sentimiento de impotencia por la ausencia del estado en la defensa de los valores de la identidad dominicana, entonces, asegura, ser\u00e1 eventualmente el responsable hist\u00f3rico de todo cuanto pueda ocurrir.<\/p>\n<\/p>\n<p>Agreg\u00f3 que cree que el gobierno debe simplemente rectificar esa actitud, al menos esa es su esperanza.<\/p>\n<\/p>\n<h6> 2018-04-10 16:18:44 <\/h6>\n<p><!--\n<link rel=\"stylesheet\" href=\"css\/bootstrap.min.css\">\n\n\n<ul class=\"pagination\">\n\t    \n\t\n\n<li >\n\t<a href='?page_no=6231'>Previous<\/a>\n\t<\/li>\n\n\n       \n    \n\n<li><a href='?page_no=1'>1<\/a><\/li>\n\n\n\n<li><a href='?page_no=2'>2<\/a><\/li>\n\n\n\n<li><a>...<\/a><\/li>\n\n\n\n<li><a href='?page_no=6230'>6230<\/a><\/li>\n\n\n\n<li><a href='?page_no=6231'>6231<\/a><\/li>\n\n\n\n<li class='active'><a>6232<\/a><\/li>\n\n\n\n<li><a href='?page_no=6233'>6233<\/a><\/li>\n\n\n\n<li><a href='?page_no=6234'>6234<\/a><\/li>\n\n\n\n<li><a>...<\/a><\/li>\n\n\n\n<li><a href='?page_no=36999'>36999<\/a><\/li>\n\n\n\n<li><a href='?page_no=37000'>37000<\/a><\/li>\n\n    \n\t\n\n<li >\n\t<a href='?page_no=6233'>Next<\/a>\n\t<\/li>\n\n\n    \n\n<li><a href='?page_no=37000'>Last &rsaquo;&rsaquo;<\/a><\/li>\n\n<\/ul>\n\n\n--><br \/>\n<\/body><\/p>\n","protected":false},"excerpt":{"rendered":"<p>Considera es una verg\u00fcenza permitir a ese organismo abrir una mesa de di\u00e1logo en el pa\u00eds. SANTO DOMINGO, RD, 10 de abril de 2018.- El Exdirector de Migraci\u00f3n y miembro de la Fuerza Nacional Progresista, Jos\u00e9 Ricardo Taveras, afirm\u00f3 que es una afrenta que la Comisi\u00f3n Interamericana de los Derechos Humanos (CIDH) nos haya entrado [&hellip;]<\/p>\n","protected":false},"author":3,"featured_media":0,"comment_status":"open","ping_status":"open","sticky":false,"template":"","format":"standard","meta":{"footnotes":""},"categories":[22],"tags":[],"class_list":["post-170870","post","type-post","status-publish","format-standard","hentry","category-politica"],"_links":{"self":[{"href":"https:\/\/diariodominicano.com\/index.php?rest_route=\/wp\/v2\/posts\/170870","targetHints":{"allow":["GET"]}}],"collection":[{"href":"https:\/\/diariodominicano.com\/index.php?rest_route=\/wp\/v2\/posts"}],"about":[{"href":"https:\/\/diariodominicano.com\/index.php?rest_route=\/wp\/v2\/types\/post"}],"author":[{"embeddable":true,"href":"https:\/\/diariodominicano.com\/index.php?rest_route=\/wp\/v2\/users\/3"}],"replies":[{"embeddable":true,"href":"https:\/\/diariodominicano.com\/index.php?rest_route=%2Fwp%2Fv2%2Fcomments&post=170870"}],"version-history":[{"count":0,"href":"https:\/\/diariodominicano.com\/index.php?rest_route=\/wp\/v2\/posts\/170870\/revisions"}],"wp:attachment":[{"href":"https:\/\/diariodominicano.com\/index.php?rest_route=%2Fwp%2Fv2%2Fmedia&parent=170870"}],"wp:term":[{"taxonomy":"category","embeddable":true,"href":"https:\/\/diariodominicano.com\/index.php?rest_route=%2Fwp%2Fv2%2Fcategories&post=170870"},{"taxonomy":"post_tag","embeddable":true,"href":"https:\/\/diariodominicano.com\/index.php?rest_route=%2Fwp%2Fv2%2Ftags&post=170870"}],"curies":[{"name":"wp","href":"https:\/\/api.w.org\/{rel}","templated":true}]}}