{"id":170869,"date":"2018-04-10T19:35:23","date_gmt":"2018-04-10T19:35:23","guid":{"rendered":"http:\/\/diariodominicano.ddns.net\/?p=170869"},"modified":"2018-04-10T19:35:23","modified_gmt":"2018-04-10T19:35:23","slug":"seis-senadores-del-pld-advierten-que-imponer-primarias-abiertas-en-ley-de-partidos-violaria-la-constitucion","status":"publish","type":"post","link":"https:\/\/diariodominicano.com\/?p=170869","title":{"rendered":"&#13;&#13; Seis senadores del PLD advierten que imponer  primarias abiertas en ley de partidos  violar\u00eda la Constituci\u00f3n"},"content":{"rendered":"<p><body><\/p>\n<p><img decoding=\"async\" src=\"img3\/jose-rafael-vargas.jpg\" \/>  <\/p>\n<\/p>\n<p><strong><span class=\"text1noticias\"> <\/span><\/strong><\/p>\n<p><strong><span class=\"text1noticias\">SANTO DOMINGO, RD, 10 de abril de 2018.-<\/span><\/strong><span class=\"text1noticias\"> Seis senadores del Partido de la Liberaci\u00f3n Dominicana se manifestaron opuestos a que se incluya en el proyecto de Ley de Partidos y Agrupaciones Pol\u00edticas la obligatoriedad de que las organizaciones pol\u00edticas partidarias escojan sus candidatos a cargos electivos mediante la realizaci\u00f3n de elecciones primar\u00edas simultaneas usando el padron general de la Junta Central Electoral.<\/span><\/p>\n<\/p>\n<p><span class=\"text1noticias\"> <\/span><\/p>\n<\/p>\n<p><span class=\"text1noticias\">Mediante documento recibido en la Secretar\u00eda de Comunicaciones del PLD, los congresistas Jos\u00e9 Rafael Vargas, Felix Bautista, Prim Pujals Nolasco, Manuel Guichardo, Amarilis Santana y Dionis S\u00e1nchez se manifestaron contrario a la posici\u00f3n asumida el mediiod\u00eda del martes  por el bloque parlamentario peledeista en el Senado,<\/span><\/p>\n<\/p>\n<p><span class=\"text1noticias\"> <\/span><\/p>\n<\/p>\n<p><span class=\"text1noticias\">El documento contiene siete puntos en los que advierten  que crear una ley para obligar a los partidos a escoger sus candidatos en primarias abiertas o cerradas, elimina la esencia democr\u00e1tica de esas agrupaciones y los derechos inmanentes de la militancia pol\u00edtica.<\/span><\/p>\n<\/p>\n<p><span class=\"text1noticias\"> <\/span><\/p>\n<\/p>\n<p><span class=\"text1noticias\">\u00abSer\u00eda inconstitucional imponer que los candidatos de todos los partidos sean electos en primarias abiertas y simult\u00e1neas por los electores que no sean miembros de esas organizaciones pol\u00edticas\u00bb,  es la primera de las precisiones de los congresistas peledeistas. En un segundo punto establecen \u00abque esa modalidad de primarias abiertas que se pretende forzar, aumentar\u00eda los costos de los procesos pol\u00edticos y empeora el clientelismo, la compra de votos\u00bb.<\/span><\/p>\n<\/p>\n<p><span class=\"text1noticias\"> <\/span><\/p>\n<\/p>\n<p><span class=\"text1noticias\">El punto tres advierte sobre la disminuci\u00f3n de la esencia democr\u00e1tica si se adoptara realizar unas elecciones primarias usando el padr\u00f3n general de la Junta Central Electoral. \u00abHacer una ley para obligar a los partidos a escoger sus candidatos en primarias abiertas o cerradas, elimina la esencia democr\u00e1tica de esas agrupaciones y los derechos inmanentes de la militancia pol\u00edtica\u00bb<\/span><\/p>\n<\/p>\n<p><span class=\"text1noticias\"> <\/span><\/p>\n<\/p>\n<p><span class=\"text1noticias\">En el punto cuatro se presenta una sentencia de la Suprema Corte de Justicia en materia Constitucional  que declar\u00f3 no compatible con la Constituci\u00f3n la ley 286-04, del 15 de agosto del 2004, que contemplaba la celebraci\u00f3n de primarias abiertas, lo que plantear\u00eda un serio cuestionamiento al principio de supremacia constitucional, que es el punto cinco del documento firmado por los senadores del partido morado.<\/span><\/p>\n<\/p>\n<p><span class=\"text1noticias\"> <\/span><\/p>\n<\/p>\n<p><span class=\"text1noticias\">En el tema seis el documento firmado por los senadores  Jos\u00e9 Rafael Vargas, Felix Bautista, Prim Pujals Nolasco, Manuel Guichardo, Amarilis Santana y Dionis S\u00e1nchez, cita el articulo 216 de la Constituci\u00f3n de la Republica en el que se afirma que la  conformaci\u00f3n y funcionamiento deben sustentarse en el respeto de la democracia interna.<\/span><\/p>\n<\/p>\n<p><span class=\"text1noticias\"> <\/span><\/p>\n<\/p>\n<p><span class=\"text1noticias\">\u00abComo legisladores del partido de gobierno, tenemos la oportunidad de sintonizar con el deseo de la sociedad, que reclama la aprobaci\u00f3n de una ley de partidos que no represente un retroceso, como lo ser\u00eda obligar a los partidos a un solo m\u00e9todo para escoger a sus candidatos\u00bb es el tema  siete de los desarrollados en el documento que copiamos textualmente<\/span><\/p>\n<p><span class=\"text1noticias\"><strong> <\/strong><\/span><\/p>\n<p><span class=\"text1noticias\"><strong>A la Opini\u00f3n P\u00fablica Nacional<\/strong><\/span><\/p>\n<\/p>\n<p><span class=\"text1noticias\">Posici\u00f3n de los senadores Jose Rafael Vargas, Felix Bautista, Prim Pujals, Manuel Guichardo, Amarilis Santana y Dionis S\u00e1nchez, respecto del establecimiento en el proyecto de Ley de Partidos , Agrupaciones y Movimientos Politicos de las primarias abiertas y simultaneas.<\/span><\/p>\n<\/p>\n<p><strong>1.- Ser\u00eda inconstitucional<\/strong> imponer que los candidatos de todos los partidos sean electos en primarias abiertas y simult\u00e1neas por los electores que no sean miembros de esas organizaciones pol\u00edticas.<\/p>\n<p><strong>2 ? Que esa modalidad<\/strong> de primarias abiertas que se pretende forzar, aumentar\u00e1 los costos de los procesos pol\u00edticos y empeora el clientelismo, la compra de votos.<\/p>\n<p><strong>3.- Hacer una<\/strong> ley para obligar a los partidos a escoger sus candidatos en primarias abiertas o cerradas, elimina la esencia democr\u00e1tica de esas agrupaciones y los derechos inmanentes de la militancia pol\u00edtica.<\/p>\n<\/p>\n<p><strong>4.- Que la Suprema <\/strong>Corte de Justicia ya juzg\u00f3 como no compatible con la Constituci\u00f3n la ley 286-04, del 15 de agosto del 2004, que contemplaba la celebraci\u00f3n de primarias abiertas. Ese precedente constitucional es vinculante a todos los poderes del Estado, seg\u00fan lo precept\u00faa el Art. 184 de la Constituci\u00f3n del 2010.<\/p>\n<p><strong>5.- De manera<\/strong> que imponer un modelo de primarias en el Proyecto de Ley de Partidos, Agrupaciones y Movimientos Pol\u00edticos, plantear\u00eda un serio cuestionamiento al principio de supremac\u00eda constitucional (Art. 6 de la Constituci\u00f3n), que establece la sujeci\u00f3n del poder constituido al poder constituyente..<\/p>\n<p><strong>6.- El Congreso<\/strong> de la Rep\u00fablica aprob\u00f3 la Constituci\u00f3n en el a\u00f1o 2010, que consign\u00f3 en su Art. 216 que la \u00aborganizaci\u00f3n de Partidos, Agrupaciones y Movimientos Pol\u00edticos es libre\u00bb, y plantea a su vez que \u00absu conformaci\u00f3n y funcionamiento deben sustentarse en el respeto de la democracia interna\u00bb. Es lo que siempre ha pasado en el pa\u00eds, pues los partidos se rigen por sus propias normas, que son sus estatutos\u00bb<\/p>\n<p><strong>7.- Como legisladores<\/strong> del partido de gobierno, tenemos la oportunidad de sintonizar con el deseo de la sociedad, que reclama la aprobaci\u00f3n de una ley de partidos que no represente un retroceso, como lo ser\u00eda obligar a los partidos a un solo m\u00e9todo para escoger a sus candidatos.<\/p>\n<\/p>\n<h6> 2018-04-10 19:35:23 <\/h6>\n<p><!--\n<link rel=\"stylesheet\" href=\"css\/bootstrap.min.css\">\n\n\n<ul class=\"pagination\">\n\t    \n\t\n\n<li >\n\t<a href='?page_no=6230'>Previous<\/a>\n\t<\/li>\n\n\n       \n    \n\n<li><a href='?page_no=1'>1<\/a><\/li>\n\n\n\n<li><a href='?page_no=2'>2<\/a><\/li>\n\n\n\n<li><a>...<\/a><\/li>\n\n\n\n<li><a href='?page_no=6229'>6229<\/a><\/li>\n\n\n\n<li><a href='?page_no=6230'>6230<\/a><\/li>\n\n\n\n<li class='active'><a>6231<\/a><\/li>\n\n\n\n<li><a href='?page_no=6232'>6232<\/a><\/li>\n\n\n\n<li><a href='?page_no=6233'>6233<\/a><\/li>\n\n\n\n<li><a>...<\/a><\/li>\n\n\n\n<li><a href='?page_no=36999'>36999<\/a><\/li>\n\n\n\n<li><a href='?page_no=37000'>37000<\/a><\/li>\n\n    \n\t\n\n<li >\n\t<a href='?page_no=6232'>Next<\/a>\n\t<\/li>\n\n\n    \n\n<li><a href='?page_no=37000'>Last &rsaquo;&rsaquo;<\/a><\/li>\n\n<\/ul>\n\n\n--><br \/>\n<\/body><\/p>\n","protected":false},"excerpt":{"rendered":"<p>SANTO DOMINGO, RD, 10 de abril de 2018.- Seis senadores del Partido de la Liberaci\u00f3n Dominicana se manifestaron opuestos a que se incluya en el proyecto de Ley de Partidos y Agrupaciones Pol\u00edticas la obligatoriedad de que las organizaciones pol\u00edticas partidarias escojan sus candidatos a cargos electivos mediante la realizaci\u00f3n de elecciones primar\u00edas simultaneas usando [&hellip;]<\/p>\n","protected":false},"author":3,"featured_media":0,"comment_status":"open","ping_status":"open","sticky":false,"template":"","format":"standard","meta":{"footnotes":""},"categories":[22],"tags":[],"class_list":["post-170869","post","type-post","status-publish","format-standard","hentry","category-politica"],"_links":{"self":[{"href":"https:\/\/diariodominicano.com\/index.php?rest_route=\/wp\/v2\/posts\/170869","targetHints":{"allow":["GET"]}}],"collection":[{"href":"https:\/\/diariodominicano.com\/index.php?rest_route=\/wp\/v2\/posts"}],"about":[{"href":"https:\/\/diariodominicano.com\/index.php?rest_route=\/wp\/v2\/types\/post"}],"author":[{"embeddable":true,"href":"https:\/\/diariodominicano.com\/index.php?rest_route=\/wp\/v2\/users\/3"}],"replies":[{"embeddable":true,"href":"https:\/\/diariodominicano.com\/index.php?rest_route=%2Fwp%2Fv2%2Fcomments&post=170869"}],"version-history":[{"count":0,"href":"https:\/\/diariodominicano.com\/index.php?rest_route=\/wp\/v2\/posts\/170869\/revisions"}],"wp:attachment":[{"href":"https:\/\/diariodominicano.com\/index.php?rest_route=%2Fwp%2Fv2%2Fmedia&parent=170869"}],"wp:term":[{"taxonomy":"category","embeddable":true,"href":"https:\/\/diariodominicano.com\/index.php?rest_route=%2Fwp%2Fv2%2Fcategories&post=170869"},{"taxonomy":"post_tag","embeddable":true,"href":"https:\/\/diariodominicano.com\/index.php?rest_route=%2Fwp%2Fv2%2Ftags&post=170869"}],"curies":[{"name":"wp","href":"https:\/\/api.w.org\/{rel}","templated":true}]}}