{"id":170868,"date":"2018-04-11T10:55:35","date_gmt":"2018-04-11T10:55:35","guid":{"rendered":"http:\/\/diariodominicano.ddns.net\/?p=170868"},"modified":"2018-04-11T10:55:35","modified_gmt":"2018-04-11T10:55:35","slug":"defensa-de-la-libertad-de-lula-moviliza-hoy-a-brasilenos","status":"publish","type":"post","link":"https:\/\/diariodominicano.com\/?p=170868","title":{"rendered":"Defensa de la libertad de Lula moviliza hoy a brasile\u00f1os"},"content":{"rendered":"<p><body><\/p>\n<p><img decoding=\"async\" src=\"img3\/Marcha-Lula.jpg\" \/>  <\/p>\n<p><strong> Brasilia, 11 abr (PL) <\/strong>Una movilizaci\u00f3n en todo el pa\u00eds en defensa de la libertad del expresidente Luiz In\u00e1cio Lula da Silva y de la democracia en riesgo, fue convocada para hoy por los frentes Brasil Popular y Pueblo Sin Miedo.<\/p>\n<\/p>\n<p>M\u00e1s que nunca la libertad de Lula, quien es considerado preso pol\u00edtico, est\u00e1 directamente ligada a la defensa de la democracia frente al crecimiento de medidas jur\u00eddicas de excepci\u00f3n y de la violencia pol\u00edtica, se\u00f1alaron las entidades al librar la convocatoria.<\/p>\n<\/p>\n<p>En su edici\u00f3n n\u00famero 10 el bolet\u00edn del Comit\u00e9 Popular en Defensa de Lula y de la Democracia indic\u00f3 que la jornada de movilizaci\u00f3n nacional ser\u00e1 encabezada por la Central \u00danica de Trabajadores (CUT).<\/p>\n<\/p>\n<p>El principal papel del movimiento sindical tiene que ser movilizar a sus bases para proteger a Lula, manifest\u00f3 la v\u00edspera el presidente nacional de la CUT, Vagner Freitas, en la ciudad de Curitiba, donde desde el s\u00e1bado \u00faltimo guarda prisi\u00f3n el exmandatario.<\/p>\n<\/p>\n<p>Nuestros sindicatos tienen que colocar en la agenda del d\u00eda tanto sus demandas tradicionales de empleo, salario y trabajo, como la defensa irrestricta del expresidente, porque solo con Lula libre impediremos que los retrocesos sociales y laborales contin\u00faen afectando a todos los trabajadores, insisti\u00f3.<\/p>\n<\/p>\n<p>De acuerdo con los organizadores de la movilizaci\u00f3n, por el momento est\u00e1n programados actos en 13 capitales estaduales y otros seis municipios.<\/p>\n<\/p>\n<p>Adem\u00e1s, el Frente Internacional Brasile\u00f1os Contra el Golpe prev\u00e9 realizar movilizaciones en por lo menos ocho urbes europeas, que se sumar\u00edan a las ya efectuadas en Nueva York, Par\u00eds, Buenos Aires, Berl\u00edn, Santiago de Chile, Washington, Bogot\u00e1, Oslo, Londres, Ciudad de M\u00e9xico y Barcelona.<\/p>\n<\/p>\n<p>El Frente Juristas por la Democracia tambi\u00e9n se movilizar\u00e1 este mi\u00e9rcoles y pretende reunir en esta capital a juristas, abogados y defensores de los derechos humanos para solicitar audiencias con ministros del Supremo Tribunal Federal (STF) y reclamarles que revean el criterio sobre la inconstitucional prisi\u00f3n en segunda instancia.<\/p>\n<\/p>\n<p>La jornada de movilizaci\u00f3n fue convocada para hoy, cuando se preve\u00eda que el STF comenzara a discutir dos acciones declaratorias de constitucionalidad (ADC\u00b4s) que cuestionan el encarcelamiento de reos tras ser condenados en segunda instancia y no una vez agotados todos los recursos, como establece la Carta Magna.<\/p>\n<\/p>\n<p>El an\u00e1lisis, sin embargo, fue pospuesto despu\u00e9s que el Partido Ecol\u00f3gico Nacional (PEN), autor de una de las ADC\u00b4s, dimitiera ayer a su abogado y solicitara al ministro de la Corte Suprema Marco Aur\u00e9lio Mello suspender por cinco d\u00edas el tr\u00e1mite, lo cual \u00e9ste acept\u00f3 anoche.<\/p>\n<\/p>\n<p>Seg\u00fan dijo a la Agencia Brasil el presidente del PEN, Adilson Barroso, buscar\u00e1n desistir &#8216;todo lo que fuera posible&#8217; de la acci\u00f3n, pues no quieren dar a entender que est\u00e1n salvando a Lula, &#8216;porque nosotros somos de derecha conservadora y eso no tendr\u00eda sentido&#8217;.<\/p>\n<\/p>\n<p>tgj\/mpm<\/p>\n<p>Temas Relacionados:<\/p>\n<h6> 2018-04-11 10:55:35 <\/h6>\n<p><!--\n<link rel=\"stylesheet\" href=\"css\/bootstrap.min.css\">\n\n\n<ul class=\"pagination\">\n\t    \n\t\n\n<li >\n\t<a href='?page_no=6229'>Previous<\/a>\n\t<\/li>\n\n\n       \n    \n\n<li><a href='?page_no=1'>1<\/a><\/li>\n\n\n\n<li><a href='?page_no=2'>2<\/a><\/li>\n\n\n\n<li><a>...<\/a><\/li>\n\n\n\n<li><a href='?page_no=6228'>6228<\/a><\/li>\n\n\n\n<li><a href='?page_no=6229'>6229<\/a><\/li>\n\n\n\n<li class='active'><a>6230<\/a><\/li>\n\n\n\n<li><a href='?page_no=6231'>6231<\/a><\/li>\n\n\n\n<li><a href='?page_no=6232'>6232<\/a><\/li>\n\n\n\n<li><a>...<\/a><\/li>\n\n\n\n<li><a href='?page_no=36999'>36999<\/a><\/li>\n\n\n\n<li><a href='?page_no=37000'>37000<\/a><\/li>\n\n    \n\t\n\n<li >\n\t<a href='?page_no=6231'>Next<\/a>\n\t<\/li>\n\n\n    \n\n<li><a href='?page_no=37000'>Last &rsaquo;&rsaquo;<\/a><\/li>\n\n<\/ul>\n\n\n--><br \/>\n<\/body><\/p>\n","protected":false},"excerpt":{"rendered":"<p>Brasilia, 11 abr (PL) Una movilizaci\u00f3n en todo el pa\u00eds en defensa de la libertad del expresidente Luiz In\u00e1cio Lula da Silva y de la democracia en riesgo, fue convocada para hoy por los frentes Brasil Popular y Pueblo Sin Miedo. M\u00e1s que nunca la libertad de Lula, quien es considerado preso pol\u00edtico, est\u00e1 directamente [&hellip;]<\/p>\n","protected":false},"author":3,"featured_media":0,"comment_status":"open","ping_status":"open","sticky":false,"template":"","format":"standard","meta":{"footnotes":""},"categories":[22],"tags":[],"class_list":["post-170868","post","type-post","status-publish","format-standard","hentry","category-politica"],"_links":{"self":[{"href":"https:\/\/diariodominicano.com\/index.php?rest_route=\/wp\/v2\/posts\/170868","targetHints":{"allow":["GET"]}}],"collection":[{"href":"https:\/\/diariodominicano.com\/index.php?rest_route=\/wp\/v2\/posts"}],"about":[{"href":"https:\/\/diariodominicano.com\/index.php?rest_route=\/wp\/v2\/types\/post"}],"author":[{"embeddable":true,"href":"https:\/\/diariodominicano.com\/index.php?rest_route=\/wp\/v2\/users\/3"}],"replies":[{"embeddable":true,"href":"https:\/\/diariodominicano.com\/index.php?rest_route=%2Fwp%2Fv2%2Fcomments&post=170868"}],"version-history":[{"count":0,"href":"https:\/\/diariodominicano.com\/index.php?rest_route=\/wp\/v2\/posts\/170868\/revisions"}],"wp:attachment":[{"href":"https:\/\/diariodominicano.com\/index.php?rest_route=%2Fwp%2Fv2%2Fmedia&parent=170868"}],"wp:term":[{"taxonomy":"category","embeddable":true,"href":"https:\/\/diariodominicano.com\/index.php?rest_route=%2Fwp%2Fv2%2Fcategories&post=170868"},{"taxonomy":"post_tag","embeddable":true,"href":"https:\/\/diariodominicano.com\/index.php?rest_route=%2Fwp%2Fv2%2Ftags&post=170868"}],"curies":[{"name":"wp","href":"https:\/\/api.w.org\/{rel}","templated":true}]}}