{"id":170866,"date":"2018-04-11T10:59:43","date_gmt":"2018-04-11T10:59:43","guid":{"rendered":"http:\/\/diariodominicano.ddns.net\/?p=170866"},"modified":"2018-04-11T10:59:43","modified_gmt":"2018-04-11T10:59:43","slug":"respaldo-a-lula-cuba-y-venezuela-marca-cumbre-popular-en-peru","status":"publish","type":"post","link":"https:\/\/diariodominicano.com\/?p=170866","title":{"rendered":"Respaldo a Lula, Cuba y Venezuela marca cumbre popular en Per\u00fa"},"content":{"rendered":"<p><body><\/p>\n<p><img decoding=\"async\" src=\"img3\/Marcha-Lula.jpg\" \/><br \/><img decoding=\"async\" src=\"img3\/Cumbre.jpg\" \/>  <\/p>\n<p><strong> Por Ulises Canales L\u00f3pez, Enviado especial<\/strong><\/p>\n<p><strong>Lima, 11 abr (PL)<\/strong> Efusivas expresiones solidarias con Cuba y Venezuela, el reclamo de excarcelaci\u00f3n del expresidente brasile\u00f1o Lu\u00edz In\u00e1cio Lula Da Silva y de genuina unidad latinoamericana, marcaron hoy el inicio de la Cumbre de los Pueblos en Per\u00fa.<\/p>\n<\/p>\n<p>Un multitudinario acto efectuado en la sede de la Derrama Magisterial (entidad gremial) de Lima congreg\u00f3 a delegados de movimientos sociales, populares, partidos pol\u00edticos, estudiantes, j\u00f3venes, mujeres y otros sectores comprometidos con las causas a favor de la que llamaron Patria Grande.<\/p>\n<\/p>\n<p>&#8216;Y no, y no nos da la gana de ser una colonia norteamericana, y s\u00ed, y s\u00ed nos da la gana de ser una potencia latinoamericana&#8217;, coreaban los delegados venezolanos al irrumpir en el auditorio con banderas que ondeaban al tiempo que tambi\u00e9n gritaban &#8216;Cuba y Venezuela una sola bandera&#8217;.<\/p>\n<\/p>\n<p>La secretaria general del Partido Comunista del Per\u00fa Patria Roja, Flor Mar\u00eda Gonz\u00e1lez, inform\u00f3 de los acuerdos adoptados por dirigentes de partidos latinoamericanos de esa corriente pol\u00edtica que se reunieron este martes en Lima para reafirmar sus principios marxistas-leninistas.<\/p>\n<\/p>\n<p>Ratificamos la voluntad de construir la Patria Grande, m\u00e1s justa y m\u00e1s humana, indic\u00f3 Gonz\u00e1lez al aseverar que &#8216;construir el Socialismo, s\u00ed es posible&#8217; y que reafirmaron la vocaci\u00f3n internacionalista, al tiempo que acordaron la solidaridad con Nicol\u00e1s Maduro y el pueblo venezolano.<\/p>\n<\/p>\n<p>Asimismo, se\u00f1al\u00f3 la dirigente comunista, hicieron patente la &#8216;solidaridad permanente y combativa&#8217; para exigir el cese del bloqueo estadounidense a Cuba, ocasi\u00f3n en la que afirm\u00f3 que &#8216;todos somos Fidel (Castro) y delegados cubanos corearon al un\u00edsono &#8216;Yo soy Fidel&#8217;.<\/p>\n<\/p>\n<p>Gonz\u00e1lez exhort\u00f3 a mostrar apoyo al pueblo brasile\u00f1o y recalc\u00f3 que los comunistas exigieron la liberaci\u00f3n de Lula Da Silva, injustamente encarcelado el pasado fin de semana, mientras los presentes corearon &#8216;Lula libertad, no podr\u00e1n matarte compa\u00f1ero&#8217; y &#8216;se oye, se siente, Lula est\u00e1 presente&#8217;.<\/p>\n<\/p>\n<p>Otros oradores en la cumbre alternativa demandaron esfuerzos y voluntades para avanzar en el anhelo de integraci\u00f3n y unidad latinoamericanas para contrarrestar el poder hegem\u00f3nico de Estados Unidos y sus hist\u00f3ricos planes de avasallamiento.<\/p>\n<\/p>\n<p>&#8216;Latinoam\u00e9rica no te quiere y has hecho muy bien en decidir no venir a Per\u00fa, porque no te queremos&#8217;, sentenci\u00f3 la titular del Partido Comunista en referencia a la cancelaci\u00f3n de la visita a esta capital del presidente norteamericano, Donald Trump.<\/p>\n<\/p>\n<p>Por su lado, el secretario general de la Central General de Trabajadores del Per\u00fa, Ger\u00f3nimo L\u00f3pez, reiter\u00f3 el llamado a movilizarse y marchar los d\u00edas 12 y 14 de abril contra las pol\u00edticas estadounidenses, por derechos sociales y contra los planes desestabilizadores de la derecha regional.<\/p>\n<\/p>\n<p>Los trovadores cubanos Eduardo Sosa, Pepe Ordaz y Adri\u00e1n Beraza\u00edn, junto a los repentistas H\u00e9ctor Guti\u00e9rrez y Aram\u00eds Padilla, y una rapera venezolana, pusieron la nota cultural a una cumbre que sesionar\u00e1 hasta el d\u00eda 14, justo cuando termina la reuni\u00f3n hemisf\u00e9rica de jefes de Estado y Gobierno.<\/p>\n<\/p>\n<p>Solidaridad con Lula, Cuba y Venezuela en Cumbre de los Pueblos -Tomado de Prensa Latina Televisi\u00f3n<\/p>\n<p>agp\/ucl<\/p>\n<h6> 2018-04-11 10:59:43 <\/h6>\n<p><!--\n<link rel=\"stylesheet\" href=\"css\/bootstrap.min.css\">\n\n\n<ul class=\"pagination\">\n\t    \n\t\n\n<li >\n\t<a href='?page_no=6228'>Previous<\/a>\n\t<\/li>\n\n\n       \n    \n\n<li><a href='?page_no=1'>1<\/a><\/li>\n\n\n\n<li><a href='?page_no=2'>2<\/a><\/li>\n\n\n\n<li><a>...<\/a><\/li>\n\n\n\n<li><a href='?page_no=6227'>6227<\/a><\/li>\n\n\n\n<li><a href='?page_no=6228'>6228<\/a><\/li>\n\n\n\n<li class='active'><a>6229<\/a><\/li>\n\n\n\n<li><a href='?page_no=6230'>6230<\/a><\/li>\n\n\n\n<li><a href='?page_no=6231'>6231<\/a><\/li>\n\n\n\n<li><a>...<\/a><\/li>\n\n\n\n<li><a href='?page_no=36999'>36999<\/a><\/li>\n\n\n\n<li><a href='?page_no=37000'>37000<\/a><\/li>\n\n    \n\t\n\n<li >\n\t<a href='?page_no=6230'>Next<\/a>\n\t<\/li>\n\n\n    \n\n<li><a href='?page_no=37000'>Last &rsaquo;&rsaquo;<\/a><\/li>\n\n<\/ul>\n\n\n--><br \/>\n<\/body><\/p>\n","protected":false},"excerpt":{"rendered":"<p>Por Ulises Canales L\u00f3pez, Enviado especial Lima, 11 abr (PL) Efusivas expresiones solidarias con Cuba y Venezuela, el reclamo de excarcelaci\u00f3n del expresidente brasile\u00f1o Lu\u00edz In\u00e1cio Lula Da Silva y de genuina unidad latinoamericana, marcaron hoy el inicio de la Cumbre de los Pueblos en Per\u00fa. Un multitudinario acto efectuado en la sede de la [&hellip;]<\/p>\n","protected":false},"author":3,"featured_media":0,"comment_status":"open","ping_status":"open","sticky":false,"template":"","format":"standard","meta":{"footnotes":""},"categories":[22],"tags":[],"class_list":["post-170866","post","type-post","status-publish","format-standard","hentry","category-politica"],"_links":{"self":[{"href":"https:\/\/diariodominicano.com\/index.php?rest_route=\/wp\/v2\/posts\/170866","targetHints":{"allow":["GET"]}}],"collection":[{"href":"https:\/\/diariodominicano.com\/index.php?rest_route=\/wp\/v2\/posts"}],"about":[{"href":"https:\/\/diariodominicano.com\/index.php?rest_route=\/wp\/v2\/types\/post"}],"author":[{"embeddable":true,"href":"https:\/\/diariodominicano.com\/index.php?rest_route=\/wp\/v2\/users\/3"}],"replies":[{"embeddable":true,"href":"https:\/\/diariodominicano.com\/index.php?rest_route=%2Fwp%2Fv2%2Fcomments&post=170866"}],"version-history":[{"count":0,"href":"https:\/\/diariodominicano.com\/index.php?rest_route=\/wp\/v2\/posts\/170866\/revisions"}],"wp:attachment":[{"href":"https:\/\/diariodominicano.com\/index.php?rest_route=%2Fwp%2Fv2%2Fmedia&parent=170866"}],"wp:term":[{"taxonomy":"category","embeddable":true,"href":"https:\/\/diariodominicano.com\/index.php?rest_route=%2Fwp%2Fv2%2Fcategories&post=170866"},{"taxonomy":"post_tag","embeddable":true,"href":"https:\/\/diariodominicano.com\/index.php?rest_route=%2Fwp%2Fv2%2Ftags&post=170866"}],"curies":[{"name":"wp","href":"https:\/\/api.w.org\/{rel}","templated":true}]}}